{"id":646,"date":"2020-04-11T09:28:40","date_gmt":"2020-04-11T07:28:40","guid":{"rendered":"http:\/\/nosade.com\/?p=646"},"modified":"2024-03-21T13:54:35","modified_gmt":"2024-03-21T12:54:35","slug":"yoga-in-marrakech","status":"publish","type":"post","link":"https:\/\/nosade.com\/de\/yoga-in-marrakech\/","title":{"rendered":"Urban Marrakech <br>Yoga Retreats"},"content":{"rendered":"<p><strong>Genie\u00dfe Yoga mit einem Blick \u00fcber das magische, historische Marrakech. Tauche ein in eine der ber\u00fchmtesten K\u00f6nigsst\u00e4dte Marokko&#8217;s. Lasse Dich von den Souks der Altstadt entf\u00fchren, genie\u00dfe traditionelles, delikates marokkanisches Essen und verbringe die N\u00e4chte in einem wunderbar ruhigen Riad fernab des Trubels der Stadt. Genie\u00dfe 5 Tage voll von Inspiration, Bewegung und Bewusstsein auf einem urbanem Retreat mit NOSADE!<\/strong><\/p>\n<h3><strong>5 Tage\u00a0Yoga &amp; Sightseeing in Marrakech<\/strong><\/h3>\n<p>Das ideale Yoga Retreat,\u00a0sowohl f\u00fcr Einsteiger als auch f\u00fcr Fortgeschrittene Yogis geeignet, die sich auf einem 5-Tages-Trip von\u00a0Yoga und der bezaubernden, farbenfrohen marokkanischen Kultur inspirieren lassen m\u00f6chten.<\/p>\n\n<div class=\"upcoming-events\">\n\n\n<!-- BEGIN .third columns -->\n<div class=\"third columns expired\">\n\n\t<!-- BEGIN .post class -->\n\t<div class=\"post-holder post-1095 post type-post status-publish format-standard has-post-thumbnail hentry category-aktuelle-retreatangebote tag-yoga-in-marrakech\" id=\"post-1095\">\n\n\t\t<!-- BEGIN .intro -->\n\t\t<div class=\"intro\">\n\t\t\t<h2 class=\"title\"><a href=\"https:\/\/nosade.com\/de\/yoga-in-marrakesch-april-2\/\" rel=\"bookmark\" title=\"Urban Marrakesch Yoga Retreat Apr 2026\">Urban Marrakesch Yoga Retreat Apr 2026<\/a><\/h2>\n\t\t<!-- END .intro -->\n\t\t<\/div>\n\n\t\t\t\t\t\t\t\t\t<a class=\"feature-img\" href=\"https:\/\/nosade.com\/de\/yoga-in-marrakesch-april-2\/\" rel=\"bookmark\" title=\"Permalink to Urban Marrakesch Yoga Retreat Apr 2026\"><img decoding=\"async\" src=\"https:\/\/nosade.com\/wp-content\/uploads\/Sunset-Yoga-Marrakech_Source-NOSADE-720x288.jpg\" class=\"attachment-adventure-featured-small size-adventure-featured-small wp-post-image\" alt=\"Sunset Yoga Marrakech_Source NOSADE\" srcset=\"https:\/\/nosade.com\/wp-content\/uploads\/Sunset-Yoga-Marrakech_Source-NOSADE-720x288.jpg 720w, https:\/\/nosade.com\/wp-content\/uploads\/Sunset-Yoga-Marrakech_Source-NOSADE-300x120.jpg 300w, https:\/\/nosade.com\/wp-content\/uploads\/Sunset-Yoga-Marrakech_Source-NOSADE.jpg 1800w\" sizes=\"(max-width: 720px) 100vw, 720px\" \/><\/a>\n\t\t\t\t\t\n\t\t<!-- BEGIN .article -->\n\t\t<div class=\"article\">\n\n\t\t\t\n\t\t\t<div class=\"tour-infos\">\n\t\t\t\t<div class=\"tour-date\">\n\t\t\t\t\t<i class=\"fa fa-clock-o\"><\/i> <a href=\"https:\/\/nosade.com\/de\/yoga-in-marrakesch-april-2\/\" title=\"Urban Marrakesch Yoga Retreat Apr 2026\"><span class=\"start-date\">Apr. 29, 2026<\/span>\n\t\t\t\t\t<!--br><i class=\"fa fa-stop\"><\/i--> &#8212; <span class=\"end-date\">Mai 3, 2026<\/span><\/a>\n\t\t\t\t<\/div>\n\t\t\t\t\t\t\t\t<div class=\"tour-location\">\n\t\t\t\t\t<i class=\"fa fa-map-marker\"><\/i> <a href=\"https:\/\/nosade.com\/de\/yoga-in-marrakesch-april-2\/\" title=\"Urban Marrakesch Yoga Retreat Apr 2026\">Marrakesch<\/a>\n\t\t\t\t<\/div>\t\t\t\t\t\t\t\t<div class=\"tour-location\">\n\t\t\t\t\t<i class=\"fa fa-user\"><\/i> <a href=\"https:\/\/nosade.com\/de\/lehrer\/\" title=\"Gaia Ceccarelli\" target=\"_blank\">Gaia Ceccarelli<\/a>\n\t\t\t\t<\/div>\t\t\t<\/div>\n\n<!-- Rich Snippet Start-->\n<script type=\"application\/ld+json\">\n{\n  \"@context\": \"http:\/\/schema.org\",\n  \"@type\": \"Event\",\n  \"name\": \"Urban Marrakesch Yoga Retreat Apr 2026\",\n  \"startDate\" : \"2026-04-29T00:00:00+02:00\",\n  \"endDate\" : \"2026-05-03T00:00:00+02:00\",\n  \"url\" : \"https:\/\/nosade.com\/de\/yoga-in-marrakesch-april-2\/\",\n  \"location\" : {\n    \"@type\" : \"Place\",\n    \"sameAs\" : \"http:\/\/nosade.com\",\n    \"name\" : \"Marrakesch\",\n    \"address\" : \"Marrakesch\"\n  }\n}\n<\/script>\n<!-- Rich Snippet End-->\n\n\n\t\t\t<p>Genie\u00dfe Yoga mit einem Blick \u00fcber das magische, historische Marrakesch. Genie\u00dfe 5 Tage voll von Kultur, Inspiration, Bewegung und Bewusstsein. <\/p>\n\n\t\t\t<div class=\"btn-container \"><a class=\"organic-btn  blue-btn small-btn \" href=\"https:\/\/nosade.com\/de\/yoga-in-marrakesch-april-2\/\"><span class=\"btn-holder\">Information & Buchung<\/span><\/a><\/div>\n\t\t<!-- END .article -->\n\t\t<\/div>\n\n\t<!-- END .post class -->\n\t<\/div>\n\n<!-- END .third columns -->\n<\/div>\n\n\t\t\t\n<!-- BEGIN .third columns -->\n<div class=\"third columns\">\n\n\t<!-- BEGIN .post class -->\n\t<div class=\"post-holder post-19400 post type-post status-publish format-standard has-post-thumbnail hentry category-aktuelle-retreatangebote tag-yoga-in-marrakech\" id=\"post-19400\">\n\n\t\t<!-- BEGIN .intro -->\n\t\t<div class=\"intro\">\n\t\t\t<h2 class=\"title\"><a href=\"https:\/\/nosade.com\/de\/urban-marrakesch-yoga-retreat-mai\/\" rel=\"bookmark\" title=\"Urban Marrakesch Yoga Retreat Mai 2026\">Urban Marrakesch Yoga Retreat Mai 2026<\/a><\/h2>\n\t\t<!-- END .intro -->\n\t\t<\/div>\n\n\t\t\t\t\t\t\t\t\t<a class=\"feature-img\" href=\"https:\/\/nosade.com\/de\/urban-marrakesch-yoga-retreat-mai\/\" rel=\"bookmark\" title=\"Permalink to Urban Marrakesch Yoga Retreat Mai 2026\"><img decoding=\"async\" src=\"https:\/\/nosade.com\/wp-content\/uploads\/Titelbild-Cafe-720x288.jpg\" class=\"attachment-adventure-featured-small size-adventure-featured-small wp-post-image\" alt=\"\" srcset=\"https:\/\/nosade.com\/wp-content\/uploads\/Titelbild-Cafe-720x288.jpg 720w, https:\/\/nosade.com\/wp-content\/uploads\/Titelbild-Cafe-300x120.jpg 300w, https:\/\/nosade.com\/wp-content\/uploads\/Titelbild-Cafe-768x307.jpg 768w, https:\/\/nosade.com\/wp-content\/uploads\/Titelbild-Cafe-1536x614.jpg 1536w, https:\/\/nosade.com\/wp-content\/uploads\/Titelbild-Cafe.jpg 1800w\" sizes=\"(max-width: 720px) 100vw, 720px\" \/><\/a>\n\t\t\t\t\t\n\t\t<!-- BEGIN .article -->\n\t\t<div class=\"article\">\n\n\t\t\t\n\t\t\t<div class=\"tour-infos\">\n\t\t\t\t<div class=\"tour-date\">\n\t\t\t\t\t<i class=\"fa fa-clock-o\"><\/i> <a href=\"https:\/\/nosade.com\/de\/urban-marrakesch-yoga-retreat-mai\/\" title=\"Urban Marrakesch Yoga Retreat Mai 2026\"><span class=\"start-date\">Mai 20, 2026<\/span>\n\t\t\t\t\t<!--br><i class=\"fa fa-stop\"><\/i--> &#8212; <span class=\"end-date\">Mai 24, 2026<\/span><\/a>\n\t\t\t\t<\/div>\n\t\t\t\t\t\t\t\t<div class=\"tour-location\">\n\t\t\t\t\t<i class=\"fa fa-map-marker\"><\/i> <a href=\"https:\/\/nosade.com\/de\/urban-marrakesch-yoga-retreat-mai\/\" title=\"Urban Marrakesch Yoga Retreat Mai 2026\">Marrakesch<\/a>\n\t\t\t\t<\/div>\t\t\t\t\t\t\t\t<div class=\"tour-location\">\n\t\t\t\t\t<i class=\"fa fa-user\"><\/i> <a href=\"https:\/\/nosade.com\/de\/lehrer\/\" title=\"Federica Molendi\" target=\"_blank\">Federica Molendi<\/a>\n\t\t\t\t<\/div>\t\t\t<\/div>\n\n<!-- Rich Snippet Start-->\n<script type=\"application\/ld+json\">\n{\n  \"@context\": \"http:\/\/schema.org\",\n  \"@type\": \"Event\",\n  \"name\": \"Urban Marrakesch Yoga Retreat Mai 2026\",\n  \"startDate\" : \"2026-05-20T00:00:00+02:00\",\n  \"endDate\" : \"2026-05-24T00:00:00+02:00\",\n  \"url\" : \"https:\/\/nosade.com\/de\/urban-marrakesch-yoga-retreat-mai\/\",\n  \"location\" : {\n    \"@type\" : \"Place\",\n    \"sameAs\" : \"http:\/\/nosade.com\",\n    \"name\" : \"Marrakesch\",\n    \"address\" : \"Marrakesch\"\n  }\n}\n<\/script>\n<!-- Rich Snippet End-->\n\n\n\t\t\t<p>Genie\u00dfe Yoga mit einem Blick \u00fcber das magisch lebendige, historische Marrakesch. Genie\u00dfe 5 Tage voll von Kultur, Inspiration, Bewegung und Bewusstsein. <\/p>\n\n\t\t\t<div class=\"btn-container \"><a class=\"organic-btn  blue-btn small-btn \" href=\"https:\/\/nosade.com\/de\/urban-marrakesch-yoga-retreat-mai\/\"><span class=\"btn-holder\">Information & Buchung<\/span><\/a><\/div>\n\t\t<!-- END .article -->\n\t\t<\/div>\n\n\t<!-- END .post class -->\n\t<\/div>\n\n<!-- END .third columns -->\n<\/div>\n\n\t\t\t\n<!-- BEGIN .third columns -->\n<div class=\"third columns expired\">\n\n\t<!-- BEGIN .post class -->\n\t<div class=\"post-holder post-16087 post type-post status-publish format-standard has-post-thumbnail hentry category-aktuelle-retreatangebote tag-yoga-in-marrakech\" id=\"post-16087\">\n\n\t\t<!-- BEGIN .intro -->\n\t\t<div class=\"intro\">\n\t\t\t<h2 class=\"title\"><a href=\"https:\/\/nosade.com\/de\/urban-marrakesch-yoga-retreat-mai-2\/\" rel=\"bookmark\" title=\"Urban Marrakesch Yoga Retreat Mai 2026\">Urban Marrakesch Yoga Retreat Mai 2026<\/a><\/h2>\n\t\t<!-- END .intro -->\n\t\t<\/div>\n\n\t\t\t\t\t\t\t\t\t<a class=\"feature-img\" href=\"https:\/\/nosade.com\/de\/urban-marrakesch-yoga-retreat-mai-2\/\" rel=\"bookmark\" title=\"Permalink to Urban Marrakesch Yoga Retreat Mai 2026\"><img decoding=\"async\" src=\"https:\/\/nosade.com\/wp-content\/uploads\/Dancing-Desert-Warriors_Source-Markus-Spona-f\u00fcr-NOSADE-720x288.jpg\" class=\"attachment-adventure-featured-small size-adventure-featured-small wp-post-image\" alt=\"dancing-desert-warriors_source-markus-spona-fuer-nosade\" srcset=\"https:\/\/nosade.com\/wp-content\/uploads\/Dancing-Desert-Warriors_Source-Markus-Spona-f\u00fcr-NOSADE-720x288.jpg 720w, https:\/\/nosade.com\/wp-content\/uploads\/Dancing-Desert-Warriors_Source-Markus-Spona-f\u00fcr-NOSADE-300x120.jpg 300w, https:\/\/nosade.com\/wp-content\/uploads\/Dancing-Desert-Warriors_Source-Markus-Spona-f\u00fcr-NOSADE-768x307.jpg 768w, https:\/\/nosade.com\/wp-content\/uploads\/Dancing-Desert-Warriors_Source-Markus-Spona-f\u00fcr-NOSADE.jpg 1800w\" sizes=\"(max-width: 720px) 100vw, 720px\" \/><\/a>\n\t\t\t\t\t\n\t\t<!-- BEGIN .article -->\n\t\t<div class=\"article\">\n\n\t\t\t\n\t\t\t<div class=\"tour-infos\">\n\t\t\t\t<div class=\"tour-date\">\n\t\t\t\t\t<i class=\"fa fa-clock-o\"><\/i> <a href=\"https:\/\/nosade.com\/de\/urban-marrakesch-yoga-retreat-mai-2\/\" title=\"Urban Marrakesch Yoga Retreat Mai 2026\"><span class=\"start-date\">Mai 27, 2025<\/span>\n\t\t\t\t\t<!--br><i class=\"fa fa-stop\"><\/i--> &#8212; <span class=\"end-date\">Mai 31, 2026<\/span><\/a>\n\t\t\t\t<\/div>\n\t\t\t\t\t\t\t\t<div class=\"tour-location\">\n\t\t\t\t\t<i class=\"fa fa-map-marker\"><\/i> <a href=\"https:\/\/nosade.com\/de\/urban-marrakesch-yoga-retreat-mai-2\/\" title=\"Urban Marrakesch Yoga Retreat Mai 2026\">Marrakesch<\/a>\n\t\t\t\t<\/div>\t\t\t\t\t\t\t\t<div class=\"tour-location\">\n\t\t\t\t\t<i class=\"fa fa-user\"><\/i> <a href=\"https:\/\/nosade.com\/de\/lehrer\/\" title=\"Federica Molendi\" target=\"_blank\">Federica Molendi<\/a>\n\t\t\t\t<\/div>\t\t\t<\/div>\n\n<!-- Rich Snippet Start-->\n<script type=\"application\/ld+json\">\n{\n  \"@context\": \"http:\/\/schema.org\",\n  \"@type\": \"Event\",\n  \"name\": \"Urban Marrakesch Yoga Retreat Mai 2026\",\n  \"startDate\" : \"2025-05-27T00:00:00+02:00\",\n  \"endDate\" : \"2026-05-31T00:00:00+02:00\",\n  \"url\" : \"https:\/\/nosade.com\/de\/urban-marrakesch-yoga-retreat-mai-2\/\",\n  \"location\" : {\n    \"@type\" : \"Place\",\n    \"sameAs\" : \"http:\/\/nosade.com\",\n    \"name\" : \"Marrakesch\",\n    \"address\" : \"Marrakesch\"\n  }\n}\n<\/script>\n<!-- Rich Snippet End-->\n\n\n\t\t\t<p>Genie\u00dfe Yoga mit einem Blick \u00fcber das magische, historische Marrakesch. Genie\u00dfe 5 Tage voll von Kultur, Inspiration, Bewegung und Bewusstsein. <\/p>\n\n\t\t\t<div class=\"btn-container \"><a class=\"organic-btn  blue-btn small-btn \" href=\"https:\/\/nosade.com\/de\/urban-marrakesch-yoga-retreat-mai-2\/\"><span class=\"btn-holder\">Information & Buchung<\/span><\/a><\/div>\n\t\t<!-- END .article -->\n\t\t<\/div>\n\n\t<!-- END .post class -->\n\t<\/div>\n\n<!-- END .third columns -->\n<\/div>\n\n\t\t\t\n<!-- BEGIN .third columns -->\n<div class=\"third columns\">\n\n\t<!-- BEGIN .post class -->\n\t<div class=\"post-holder post-9307 post type-post status-publish format-standard has-post-thumbnail hentry category-aktuelle-retreatangebote tag-yoga-in-marrakech\" id=\"post-9307\">\n\n\t\t<!-- BEGIN .intro -->\n\t\t<div class=\"intro\">\n\t\t\t<h2 class=\"title\"><a href=\"https:\/\/nosade.com\/de\/urban-marrakesch-yoga-retreat-jun-3\/\" rel=\"bookmark\" title=\"Urban Marrakesch Yoga Retreat Jun 2026\">Urban Marrakesch Yoga Retreat Jun 2026<\/a><\/h2>\n\t\t<!-- END .intro -->\n\t\t<\/div>\n\n\t\t\t\t\t\t\t\t\t<a class=\"feature-img\" href=\"https:\/\/nosade.com\/de\/urban-marrakesch-yoga-retreat-jun-3\/\" rel=\"bookmark\" title=\"Permalink to Urban Marrakesch Yoga Retreat Jun 2026\"><img decoding=\"async\" src=\"https:\/\/nosade.com\/wp-content\/uploads\/Green-Marrakech-Yoga-Retreat-Morocco_Source-Luderwaldt-Photography-for-NOSADE-720x288.jpg\" class=\"attachment-adventure-featured-small size-adventure-featured-small wp-post-image\" alt=\"\" srcset=\"https:\/\/nosade.com\/wp-content\/uploads\/Green-Marrakech-Yoga-Retreat-Morocco_Source-Luderwaldt-Photography-for-NOSADE-720x288.jpg 720w, https:\/\/nosade.com\/wp-content\/uploads\/Green-Marrakech-Yoga-Retreat-Morocco_Source-Luderwaldt-Photography-for-NOSADE-300x120.jpg 300w, https:\/\/nosade.com\/wp-content\/uploads\/Green-Marrakech-Yoga-Retreat-Morocco_Source-Luderwaldt-Photography-for-NOSADE-768x307.jpg 768w, https:\/\/nosade.com\/wp-content\/uploads\/Green-Marrakech-Yoga-Retreat-Morocco_Source-Luderwaldt-Photography-for-NOSADE.jpg 1800w\" sizes=\"(max-width: 720px) 100vw, 720px\" \/><\/a>\n\t\t\t\t\t\n\t\t<!-- BEGIN .article -->\n\t\t<div class=\"article\">\n\n\t\t\t\n\t\t\t<div class=\"tour-infos\">\n\t\t\t\t<div class=\"tour-date\">\n\t\t\t\t\t<i class=\"fa fa-clock-o\"><\/i> <a href=\"https:\/\/nosade.com\/de\/urban-marrakesch-yoga-retreat-jun-3\/\" title=\"Urban Marrakesch Yoga Retreat Jun 2026\"><span class=\"start-date\">Juni 3, 2026<\/span>\n\t\t\t\t\t<!--br><i class=\"fa fa-stop\"><\/i--> &#8212; <span class=\"end-date\">Juni 7, 2026<\/span><\/a>\n\t\t\t\t<\/div>\n\t\t\t\t\t\t\t\t<div class=\"tour-location\">\n\t\t\t\t\t<i class=\"fa fa-map-marker\"><\/i> <a href=\"https:\/\/nosade.com\/de\/urban-marrakesch-yoga-retreat-jun-3\/\" title=\"Urban Marrakesch Yoga Retreat Jun 2026\">Marrakesch<\/a>\n\t\t\t\t<\/div>\t\t\t\t\t\t\t\t<div class=\"tour-location\">\n\t\t\t\t\t<i class=\"fa fa-user\"><\/i> <a href=\"https:\/\/nosade.com\/de\/lehrer\/\" title=\"Patricia Lorenzo\" target=\"_blank\">Patricia Lorenzo<\/a>\n\t\t\t\t<\/div>\t\t\t<\/div>\n\n<!-- Rich Snippet Start-->\n<script type=\"application\/ld+json\">\n{\n  \"@context\": \"http:\/\/schema.org\",\n  \"@type\": \"Event\",\n  \"name\": \"Urban Marrakesch Yoga Retreat Jun 2026\",\n  \"startDate\" : \"2026-06-03T00:00:00+02:00\",\n  \"endDate\" : \"2026-06-07T00:00:00+02:00\",\n  \"url\" : \"https:\/\/nosade.com\/de\/urban-marrakesch-yoga-retreat-jun-3\/\",\n  \"location\" : {\n    \"@type\" : \"Place\",\n    \"sameAs\" : \"http:\/\/nosade.com\",\n    \"name\" : \"Marrakesch\",\n    \"address\" : \"Marrakesch\"\n  }\n}\n<\/script>\n<!-- Rich Snippet End-->\n\n\n\t\t\t<p>Genie\u00dfe Yoga mit einem Blick \u00fcber das magisch lebendige, historische Marrakesch. Genie\u00dfe 5 Tage voll von Kultur, Inspiration, Bewegung und Bewusstsein. <\/p>\n\n\t\t\t<div class=\"btn-container \"><a class=\"organic-btn  blue-btn small-btn \" href=\"https:\/\/nosade.com\/de\/urban-marrakesch-yoga-retreat-jun-3\/\"><span class=\"btn-holder\">Information & Buchung<\/span><\/a><\/div>\n\t\t<!-- END .article -->\n\t\t<\/div>\n\n\t<!-- END .post class -->\n\t<\/div>\n\n<!-- END .third columns -->\n<\/div>\n\n\t\t\t\n<!-- BEGIN .third columns -->\n<div class=\"third columns\">\n\n\t<!-- BEGIN .post class -->\n\t<div class=\"post-holder post-11599 post type-post status-publish format-standard has-post-thumbnail hentry category-aktuelle-retreatangebote tag-yoga-in-marrakech\" id=\"post-11599\">\n\n\t\t<!-- BEGIN .intro -->\n\t\t<div class=\"intro\">\n\t\t\t<h2 class=\"title\"><a href=\"https:\/\/nosade.com\/de\/urban-marrakesch-yoga-retreat-jun\/\" rel=\"bookmark\" title=\"Urban Marrakesch Yoga Retreat Jun 2026\">Urban Marrakesch Yoga Retreat Jun 2026<\/a><\/h2>\n\t\t<!-- END .intro -->\n\t\t<\/div>\n\n\t\t\t\t\t\t\t\t\t<a class=\"feature-img\" href=\"https:\/\/nosade.com\/de\/urban-marrakesch-yoga-retreat-jun\/\" rel=\"bookmark\" title=\"Permalink to Urban Marrakesch Yoga Retreat Jun 2026\"><img decoding=\"async\" src=\"https:\/\/nosade.com\/wp-content\/uploads\/Headstand-Marrakech-rooftop-yoga_Source-Amanda-LaMagna-Livaligned-720x288.jpg\" class=\"attachment-adventure-featured-small size-adventure-featured-small wp-post-image\" alt=\"\" srcset=\"https:\/\/nosade.com\/wp-content\/uploads\/Headstand-Marrakech-rooftop-yoga_Source-Amanda-LaMagna-Livaligned-720x288.jpg 720w, https:\/\/nosade.com\/wp-content\/uploads\/Headstand-Marrakech-rooftop-yoga_Source-Amanda-LaMagna-Livaligned-300x120.jpg 300w, https:\/\/nosade.com\/wp-content\/uploads\/Headstand-Marrakech-rooftop-yoga_Source-Amanda-LaMagna-Livaligned.jpg 1800w\" sizes=\"(max-width: 720px) 100vw, 720px\" \/><\/a>\n\t\t\t\t\t\n\t\t<!-- BEGIN .article -->\n\t\t<div class=\"article\">\n\n\t\t\t\n\t\t\t<div class=\"tour-infos\">\n\t\t\t\t<div class=\"tour-date\">\n\t\t\t\t\t<i class=\"fa fa-clock-o\"><\/i> <a href=\"https:\/\/nosade.com\/de\/urban-marrakesch-yoga-retreat-jun\/\" title=\"Urban Marrakesch Yoga Retreat Jun 2026\"><span class=\"start-date\">Juni 17, 2026<\/span>\n\t\t\t\t\t<!--br><i class=\"fa fa-stop\"><\/i--> &#8212; <span class=\"end-date\">Juni 21, 2026<\/span><\/a>\n\t\t\t\t<\/div>\n\t\t\t\t\t\t\t\t<div class=\"tour-location\">\n\t\t\t\t\t<i class=\"fa fa-map-marker\"><\/i> <a href=\"https:\/\/nosade.com\/de\/urban-marrakesch-yoga-retreat-jun\/\" title=\"Urban Marrakesch Yoga Retreat Jun 2026\">Marrakesch<\/a>\n\t\t\t\t<\/div>\t\t\t\t\t\t\t\t<div class=\"tour-location\">\n\t\t\t\t\t<i class=\"fa fa-user\"><\/i> <a href=\"https:\/\/nosade.com\/de\/lehrer\/\" title=\"Patricia Lorenzo\" target=\"_blank\">Patricia Lorenzo<\/a>\n\t\t\t\t<\/div>\t\t\t<\/div>\n\n<!-- Rich Snippet Start-->\n<script type=\"application\/ld+json\">\n{\n  \"@context\": \"http:\/\/schema.org\",\n  \"@type\": \"Event\",\n  \"name\": \"Urban Marrakesch Yoga Retreat Jun 2026\",\n  \"startDate\" : \"2026-06-17T00:00:00+02:00\",\n  \"endDate\" : \"2026-06-21T00:00:00+02:00\",\n  \"url\" : \"https:\/\/nosade.com\/de\/urban-marrakesch-yoga-retreat-jun\/\",\n  \"location\" : {\n    \"@type\" : \"Place\",\n    \"sameAs\" : \"http:\/\/nosade.com\",\n    \"name\" : \"Marrakesch\",\n    \"address\" : \"Marrakesch\"\n  }\n}\n<\/script>\n<!-- Rich Snippet End-->\n\n\n\t\t\t<p>Genie\u00dfe Yoga mit einem Blick \u00fcber das magisch lebendige, historische Marrakesch. Genie\u00dfe 5 Tage voll von Kultur, Inspiration, Bewegung und Bewusstsein. <\/p>\n\n\t\t\t<div class=\"btn-container \"><a class=\"organic-btn  blue-btn small-btn \" href=\"https:\/\/nosade.com\/de\/urban-marrakesch-yoga-retreat-jun\/\"><span class=\"btn-holder\">Information & Buchung<\/span><\/a><\/div>\n\t\t<!-- END .article -->\n\t\t<\/div>\n\n\t<!-- END .post class -->\n\t<\/div>\n\n<!-- END .third columns -->\n<\/div>\n\n\t\t\t\n<!-- BEGIN .third columns -->\n<div class=\"third columns\">\n\n\t<!-- BEGIN .post class -->\n\t<div class=\"post-holder post-9396 post type-post status-publish format-standard has-post-thumbnail hentry category-aktuelle-retreatangebote tag-yoga-in-marrakech\" id=\"post-9396\">\n\n\t\t<!-- BEGIN .intro -->\n\t\t<div class=\"intro\">\n\t\t\t<h2 class=\"title\"><a href=\"https:\/\/nosade.com\/de\/urban-marrakesch-yoga-retreat-juli\/\" rel=\"bookmark\" title=\"Urban Marrakesch Yoga Retreat Jul 2026\">Urban Marrakesch Yoga Retreat Jul 2026<\/a><\/h2>\n\t\t<!-- END .intro -->\n\t\t<\/div>\n\n\t\t\t\t\t\t\t\t\t<a class=\"feature-img\" href=\"https:\/\/nosade.com\/de\/urban-marrakesch-yoga-retreat-juli\/\" rel=\"bookmark\" title=\"Permalink to Urban Marrakesch Yoga Retreat Jul 2026\"><img decoding=\"async\" src=\"https:\/\/nosade.com\/wp-content\/uploads\/Jardin-Majorelle-Marrakech_Marrakech-Essaouira_Source-NOSADE-720x288.jpg\" class=\"attachment-adventure-featured-small size-adventure-featured-small wp-post-image\" alt=\"Jardin Majorelle Marrakech_Marrakech Essaouira_Source NOSADE\" srcset=\"https:\/\/nosade.com\/wp-content\/uploads\/Jardin-Majorelle-Marrakech_Marrakech-Essaouira_Source-NOSADE-720x288.jpg 720w, https:\/\/nosade.com\/wp-content\/uploads\/Jardin-Majorelle-Marrakech_Marrakech-Essaouira_Source-NOSADE-300x120.jpg 300w, https:\/\/nosade.com\/wp-content\/uploads\/Jardin-Majorelle-Marrakech_Marrakech-Essaouira_Source-NOSADE-768x307.jpg 768w, https:\/\/nosade.com\/wp-content\/uploads\/Jardin-Majorelle-Marrakech_Marrakech-Essaouira_Source-NOSADE.jpg 1800w\" sizes=\"(max-width: 720px) 100vw, 720px\" \/><\/a>\n\t\t\t\t\t\n\t\t<!-- BEGIN .article -->\n\t\t<div class=\"article\">\n\n\t\t\t\n\t\t\t<div class=\"tour-infos\">\n\t\t\t\t<div class=\"tour-date\">\n\t\t\t\t\t<i class=\"fa fa-clock-o\"><\/i> <a href=\"https:\/\/nosade.com\/de\/urban-marrakesch-yoga-retreat-juli\/\" title=\"Urban Marrakesch Yoga Retreat Jul 2026\"><span class=\"start-date\">Juli 1, 2026<\/span>\n\t\t\t\t\t<!--br><i class=\"fa fa-stop\"><\/i--> &#8212; <span class=\"end-date\">Juli 5, 2026<\/span><\/a>\n\t\t\t\t<\/div>\n\t\t\t\t\t\t\t\t<div class=\"tour-location\">\n\t\t\t\t\t<i class=\"fa fa-map-marker\"><\/i> <a href=\"https:\/\/nosade.com\/de\/urban-marrakesch-yoga-retreat-juli\/\" title=\"Urban Marrakesch Yoga Retreat Jul 2026\">Marrakesch<\/a>\n\t\t\t\t<\/div>\t\t\t\t\t\t\t\t<div class=\"tour-location\">\n\t\t\t\t\t<i class=\"fa fa-user\"><\/i> <a href=\"https:\/\/nosade.com\/de\/lehrer\/\" title=\"Federica Molendi\" target=\"_blank\">Federica Molendi<\/a>\n\t\t\t\t<\/div>\t\t\t<\/div>\n\n<!-- Rich Snippet Start-->\n<script type=\"application\/ld+json\">\n{\n  \"@context\": \"http:\/\/schema.org\",\n  \"@type\": \"Event\",\n  \"name\": \"Urban Marrakesch Yoga Retreat Jul 2026\",\n  \"startDate\" : \"2026-07-01T00:00:00+02:00\",\n  \"endDate\" : \"2026-07-05T00:00:00+02:00\",\n  \"url\" : \"https:\/\/nosade.com\/de\/urban-marrakesch-yoga-retreat-juli\/\",\n  \"location\" : {\n    \"@type\" : \"Place\",\n    \"sameAs\" : \"http:\/\/nosade.com\",\n    \"name\" : \"Marrakesch\",\n    \"address\" : \"Marrakesch\"\n  }\n}\n<\/script>\n<!-- Rich Snippet End-->\n\n\n\t\t\t<p>Genie\u00dfe Yoga mit einem Blick \u00fcber das magische, historische Marrakesch. Genie\u00dfe 5 Tage voll von Kultur, Inspiration, Bewegung und Bewusstsein. <\/p>\n\n\t\t\t<div class=\"btn-container \"><a class=\"organic-btn  blue-btn small-btn \" href=\"https:\/\/nosade.com\/de\/urban-marrakesch-yoga-retreat-juli\/\"><span class=\"btn-holder\">Information & Buchung<\/span><\/a><\/div>\n\t\t<!-- END .article -->\n\t\t<\/div>\n\n\t<!-- END .post class -->\n\t<\/div>\n\n<!-- END .third columns -->\n<\/div>\n\n\t\t\t\n<!-- BEGIN .third columns -->\n<div class=\"third columns\">\n\n\t<!-- BEGIN .post class -->\n\t<div class=\"post-holder post-11578 post type-post status-publish format-standard has-post-thumbnail hentry category-aktuelle-retreatangebote tag-yoga-in-marrakech\" id=\"post-11578\">\n\n\t\t<!-- BEGIN .intro -->\n\t\t<div class=\"intro\">\n\t\t\t<h2 class=\"title\"><a href=\"https:\/\/nosade.com\/de\/urban-marrakesch-yoga-retreat-aug\/\" rel=\"bookmark\" title=\"Urban Marrakesch Yoga Retreat Aug 2026\">Urban Marrakesch Yoga Retreat Aug 2026<\/a><\/h2>\n\t\t<!-- END .intro -->\n\t\t<\/div>\n\n\t\t\t\t\t\t\t\t\t<a class=\"feature-img\" href=\"https:\/\/nosade.com\/de\/urban-marrakesch-yoga-retreat-aug\/\" rel=\"bookmark\" title=\"Permalink to Urban Marrakesch Yoga Retreat Aug 2026\"><img decoding=\"async\" src=\"https:\/\/nosade.com\/wp-content\/uploads\/Yoga-Retreat-Marrakech_Source-NOSADE-720x288.jpg\" class=\"attachment-adventure-featured-small size-adventure-featured-small wp-post-image\" alt=\"\" srcset=\"https:\/\/nosade.com\/wp-content\/uploads\/Yoga-Retreat-Marrakech_Source-NOSADE-720x288.jpg 720w, https:\/\/nosade.com\/wp-content\/uploads\/Yoga-Retreat-Marrakech_Source-NOSADE-300x120.jpg 300w, https:\/\/nosade.com\/wp-content\/uploads\/Yoga-Retreat-Marrakech_Source-NOSADE-768x307.jpg 768w, https:\/\/nosade.com\/wp-content\/uploads\/Yoga-Retreat-Marrakech_Source-NOSADE.jpg 1800w\" sizes=\"(max-width: 720px) 100vw, 720px\" \/><\/a>\n\t\t\t\t\t\n\t\t<!-- BEGIN .article -->\n\t\t<div class=\"article\">\n\n\t\t\t\n\t\t\t<div class=\"tour-infos\">\n\t\t\t\t<div class=\"tour-date\">\n\t\t\t\t\t<i class=\"fa fa-clock-o\"><\/i> <a href=\"https:\/\/nosade.com\/de\/urban-marrakesch-yoga-retreat-aug\/\" title=\"Urban Marrakesch Yoga Retreat Aug 2026\"><span class=\"start-date\">Aug. 26, 2026<\/span>\n\t\t\t\t\t<!--br><i class=\"fa fa-stop\"><\/i--> &#8212; <span class=\"end-date\">Aug. 30, 2026<\/span><\/a>\n\t\t\t\t<\/div>\n\t\t\t\t\t\t\t\t<div class=\"tour-location\">\n\t\t\t\t\t<i class=\"fa fa-map-marker\"><\/i> <a href=\"https:\/\/nosade.com\/de\/urban-marrakesch-yoga-retreat-aug\/\" title=\"Urban Marrakesch Yoga Retreat Aug 2026\">Marrakesch<\/a>\n\t\t\t\t<\/div>\t\t\t\t\t\t\t\t<div class=\"tour-location\">\n\t\t\t\t\t<i class=\"fa fa-user\"><\/i> <a href=\"https:\/\/nosade.com\/de\/lehrer\/\" title=\"Patricia Lorenzo\" target=\"_blank\">Patricia Lorenzo<\/a>\n\t\t\t\t<\/div>\t\t\t<\/div>\n\n<!-- Rich Snippet Start-->\n<script type=\"application\/ld+json\">\n{\n  \"@context\": \"http:\/\/schema.org\",\n  \"@type\": \"Event\",\n  \"name\": \"Urban Marrakesch Yoga Retreat Aug 2026\",\n  \"startDate\" : \"2026-08-26T00:00:00+02:00\",\n  \"endDate\" : \"2026-08-30T00:00:00+02:00\",\n  \"url\" : \"https:\/\/nosade.com\/de\/urban-marrakesch-yoga-retreat-aug\/\",\n  \"location\" : {\n    \"@type\" : \"Place\",\n    \"sameAs\" : \"http:\/\/nosade.com\",\n    \"name\" : \"Marrakesch\",\n    \"address\" : \"Marrakesch\"\n  }\n}\n<\/script>\n<!-- Rich Snippet End-->\n\n\n\t\t\t<p>Genie\u00dfe Yoga mit einem Blick \u00fcber das magisch lebendige, historische Marrakesch. Genie\u00dfe 5 Tage voll von Kultur, Inspiration, Bewegung und Bewusstsein. <\/p>\n\n\t\t\t<div class=\"btn-container \"><a class=\"organic-btn  blue-btn small-btn \" href=\"https:\/\/nosade.com\/de\/urban-marrakesch-yoga-retreat-aug\/\"><span class=\"btn-holder\">Information & Buchung<\/span><\/a><\/div>\n\t\t<!-- END .article -->\n\t\t<\/div>\n\n\t<!-- END .post class -->\n\t<\/div>\n\n<!-- END .third columns -->\n<\/div>\n\n\t\t\t\n<!-- BEGIN .third columns -->\n<div class=\"third columns\">\n\n\t<!-- BEGIN .post class -->\n\t<div class=\"post-holder post-11528 post type-post status-publish format-standard has-post-thumbnail hentry category-aktuelle-retreatangebote tag-yoga-in-marrakech\" id=\"post-11528\">\n\n\t\t<!-- BEGIN .intro -->\n\t\t<div class=\"intro\">\n\t\t\t<h2 class=\"title\"><a href=\"https:\/\/nosade.com\/de\/urban-marrakesch-yoga-retreat-sep\/\" rel=\"bookmark\" title=\"Urban Marrakesch Yoga Retreat Sep 2026\">Urban Marrakesch Yoga Retreat Sep 2026<\/a><\/h2>\n\t\t<!-- END .intro -->\n\t\t<\/div>\n\n\t\t\t\t\t\t\t\t\t<a class=\"feature-img\" href=\"https:\/\/nosade.com\/de\/urban-marrakesch-yoga-retreat-sep\/\" rel=\"bookmark\" title=\"Permalink to Urban Marrakesch Yoga Retreat Sep 2026\"><img decoding=\"async\" src=\"https:\/\/nosade.com\/wp-content\/uploads\/NOSADE-Formate-2020-\u00dcberblick_Source-Luderwaldt-Photography-for-NOSADE-720x288.jpg\" class=\"attachment-adventure-featured-small size-adventure-featured-small wp-post-image\" alt=\"NOSADE Formate 2020 \u00dcberblick_Source Luderwaldt Photography for NOSADE\" srcset=\"https:\/\/nosade.com\/wp-content\/uploads\/NOSADE-Formate-2020-\u00dcberblick_Source-Luderwaldt-Photography-for-NOSADE-720x288.jpg 720w, https:\/\/nosade.com\/wp-content\/uploads\/NOSADE-Formate-2020-\u00dcberblick_Source-Luderwaldt-Photography-for-NOSADE-300x120.jpg 300w, https:\/\/nosade.com\/wp-content\/uploads\/NOSADE-Formate-2020-\u00dcberblick_Source-Luderwaldt-Photography-for-NOSADE-768x307.jpg 768w, https:\/\/nosade.com\/wp-content\/uploads\/NOSADE-Formate-2020-\u00dcberblick_Source-Luderwaldt-Photography-for-NOSADE-1536x614.jpg 1536w, https:\/\/nosade.com\/wp-content\/uploads\/NOSADE-Formate-2020-\u00dcberblick_Source-Luderwaldt-Photography-for-NOSADE.jpg 1800w\" sizes=\"(max-width: 720px) 100vw, 720px\" \/><\/a>\n\t\t\t\t\t\n\t\t<!-- BEGIN .article -->\n\t\t<div class=\"article\">\n\n\t\t\t\n\t\t\t<div class=\"tour-infos\">\n\t\t\t\t<div class=\"tour-date\">\n\t\t\t\t\t<i class=\"fa fa-clock-o\"><\/i> <a href=\"https:\/\/nosade.com\/de\/urban-marrakesch-yoga-retreat-sep\/\" title=\"Urban Marrakesch Yoga Retreat Sep 2026\"><span class=\"start-date\">Sep. 2, 2026<\/span>\n\t\t\t\t\t<!--br><i class=\"fa fa-stop\"><\/i--> &#8212; <span class=\"end-date\">Sep. 6, 2026<\/span><\/a>\n\t\t\t\t<\/div>\n\t\t\t\t\t\t\t\t<div class=\"tour-location\">\n\t\t\t\t\t<i class=\"fa fa-map-marker\"><\/i> <a href=\"https:\/\/nosade.com\/de\/urban-marrakesch-yoga-retreat-sep\/\" title=\"Urban Marrakesch Yoga Retreat Sep 2026\">Marrakesch<\/a>\n\t\t\t\t<\/div>\t\t\t\t\t\t\t\t<div class=\"tour-location\">\n\t\t\t\t\t<i class=\"fa fa-user\"><\/i> <a href=\"https:\/\/nosade.com\/de\/lehrer\/\" title=\"Patricia Lorenzo\" target=\"_blank\">Patricia Lorenzo<\/a>\n\t\t\t\t<\/div>\t\t\t<\/div>\n\n<!-- Rich Snippet Start-->\n<script type=\"application\/ld+json\">\n{\n  \"@context\": \"http:\/\/schema.org\",\n  \"@type\": \"Event\",\n  \"name\": \"Urban Marrakesch Yoga Retreat Sep 2026\",\n  \"startDate\" : \"2026-09-02T00:00:00+02:00\",\n  \"endDate\" : \"2026-09-06T00:00:00+02:00\",\n  \"url\" : \"https:\/\/nosade.com\/de\/urban-marrakesch-yoga-retreat-sep\/\",\n  \"location\" : {\n    \"@type\" : \"Place\",\n    \"sameAs\" : \"http:\/\/nosade.com\",\n    \"name\" : \"Marrakesch\",\n    \"address\" : \"Marrakesch\"\n  }\n}\n<\/script>\n<!-- Rich Snippet End-->\n\n\n\t\t\t<p>Genie\u00dfe Yoga mit einem Blick \u00fcber das magisch lebendige, historische Marrakesch. Genie\u00dfe 5 Tage voll von Kultur, Inspiration, Bewegung und Bewusstsein. <\/p>\n\n\t\t\t<div class=\"btn-container \"><a class=\"organic-btn  blue-btn small-btn \" href=\"https:\/\/nosade.com\/de\/urban-marrakesch-yoga-retreat-sep\/\"><span class=\"btn-holder\">Information & Buchung<\/span><\/a><\/div>\n\t\t<!-- END .article -->\n\t\t<\/div>\n\n\t<!-- END .post class -->\n\t<\/div>\n\n<!-- END .third columns -->\n<\/div>\n\n\t\t\t\n<!-- BEGIN .third columns -->\n<div class=\"third columns\">\n\n\t<!-- BEGIN .post class -->\n\t<div class=\"post-holder post-3244 post type-post status-publish format-standard has-post-thumbnail hentry category-aktuelle-retreatangebote tag-yoga-in-marrakech\" id=\"post-3244\">\n\n\t\t<!-- BEGIN .intro -->\n\t\t<div class=\"intro\">\n\t\t\t<h2 class=\"title\"><a href=\"https:\/\/nosade.com\/de\/marrakesch-yoga-retreat-september-2025\/\" rel=\"bookmark\" title=\"Urban Marrakesch Yoga Retreat Sep 2026\">Urban Marrakesch Yoga Retreat Sep 2026<\/a><\/h2>\n\t\t<!-- END .intro -->\n\t\t<\/div>\n\n\t\t\t\t\t\t\t\t\t<a class=\"feature-img\" href=\"https:\/\/nosade.com\/de\/marrakesch-yoga-retreat-september-2025\/\" rel=\"bookmark\" title=\"Permalink to Urban Marrakesch Yoga Retreat Sep 2026\"><img decoding=\"async\" src=\"https:\/\/nosade.com\/wp-content\/uploads\/Urban-Marrakech-Yoga-Retreats_Source-Luderwaldt-Photography-for-NOSADE-1-720x288.jpg\" class=\"attachment-adventure-featured-small size-adventure-featured-small wp-post-image\" alt=\"\" srcset=\"https:\/\/nosade.com\/wp-content\/uploads\/Urban-Marrakech-Yoga-Retreats_Source-Luderwaldt-Photography-for-NOSADE-1-720x288.jpg 720w, https:\/\/nosade.com\/wp-content\/uploads\/Urban-Marrakech-Yoga-Retreats_Source-Luderwaldt-Photography-for-NOSADE-1-300x120.jpg 300w, https:\/\/nosade.com\/wp-content\/uploads\/Urban-Marrakech-Yoga-Retreats_Source-Luderwaldt-Photography-for-NOSADE-1-768x307.jpg 768w, https:\/\/nosade.com\/wp-content\/uploads\/Urban-Marrakech-Yoga-Retreats_Source-Luderwaldt-Photography-for-NOSADE-1.jpg 1800w\" sizes=\"(max-width: 720px) 100vw, 720px\" \/><\/a>\n\t\t\t\t\t\n\t\t<!-- BEGIN .article -->\n\t\t<div class=\"article\">\n\n\t\t\t\n\t\t\t<div class=\"tour-infos\">\n\t\t\t\t<div class=\"tour-date\">\n\t\t\t\t\t<i class=\"fa fa-clock-o\"><\/i> <a href=\"https:\/\/nosade.com\/de\/marrakesch-yoga-retreat-september-2025\/\" title=\"Urban Marrakesch Yoga Retreat Sep 2026\"><span class=\"start-date\">Sep. 16, 2026<\/span>\n\t\t\t\t\t<!--br><i class=\"fa fa-stop\"><\/i--> &#8212; <span class=\"end-date\">Sep. 20, 2026<\/span><\/a>\n\t\t\t\t<\/div>\n\t\t\t\t\t\t\t\t<div class=\"tour-location\">\n\t\t\t\t\t<i class=\"fa fa-map-marker\"><\/i> <a href=\"https:\/\/nosade.com\/de\/marrakesch-yoga-retreat-september-2025\/\" title=\"Urban Marrakesch Yoga Retreat Sep 2026\">Marrakesch<\/a>\n\t\t\t\t<\/div>\t\t\t\t\t\t\t\t<div class=\"tour-location\">\n\t\t\t\t\t<i class=\"fa fa-user\"><\/i> <a href=\"https:\/\/nosade.com\/de\/lehrer\/\" title=\"Federica Molendi\" target=\"_blank\">Federica Molendi<\/a>\n\t\t\t\t<\/div>\t\t\t<\/div>\n\n<!-- Rich Snippet Start-->\n<script type=\"application\/ld+json\">\n{\n  \"@context\": \"http:\/\/schema.org\",\n  \"@type\": \"Event\",\n  \"name\": \"Urban Marrakesch Yoga Retreat Sep 2026\",\n  \"startDate\" : \"2026-09-16T00:00:00+02:00\",\n  \"endDate\" : \"2026-09-20T00:00:00+02:00\",\n  \"url\" : \"https:\/\/nosade.com\/de\/marrakesch-yoga-retreat-september-2025\/\",\n  \"location\" : {\n    \"@type\" : \"Place\",\n    \"sameAs\" : \"http:\/\/nosade.com\",\n    \"name\" : \"Marrakesch\",\n    \"address\" : \"Marrakesch\"\n  }\n}\n<\/script>\n<!-- Rich Snippet End-->\n\n\n\t\t\t<p>Genie\u00dfe Yoga mit einem Blick \u00fcber das magisch lebendige, historische Marrakesch. Genie\u00dfe 5 Tage voll von Kultur, Inspiration, Bewegung und Bewusstsein. <\/p>\n\n\t\t\t<div class=\"btn-container \"><a class=\"organic-btn  blue-btn small-btn \" href=\"https:\/\/nosade.com\/de\/marrakesch-yoga-retreat-september-2025\/\"><span class=\"btn-holder\">Information & Buchung<\/span><\/a><\/div>\n\t\t<!-- END .article -->\n\t\t<\/div>\n\n\t<!-- END .post class -->\n\t<\/div>\n\n<!-- END .third columns -->\n<\/div>\n\n\t\t\t\n<!-- BEGIN .third columns -->\n<div class=\"third columns\">\n\n\t<!-- BEGIN .post class -->\n\t<div class=\"post-holder post-7806 post type-post status-publish format-standard has-post-thumbnail hentry category-aktuelle-retreatangebote category-specials tag-yoga-in-marrakech\" id=\"post-7806\">\n\n\t\t<!-- BEGIN .intro -->\n\t\t<div class=\"intro\">\n\t\t\t<h2 class=\"title\"><a href=\"https:\/\/nosade.com\/de\/urban-yoga-in-marrakesch-okt\/\" rel=\"bookmark\" title=\"Marrakesch Somatic Yoga Retreat Okt 2026\">Marrakesch Somatic Yoga Retreat Okt 2026<\/a><\/h2>\n\t\t<!-- END .intro -->\n\t\t<\/div>\n\n\t\t\t\t\t\t\t\t\t<a class=\"feature-img\" href=\"https:\/\/nosade.com\/de\/urban-yoga-in-marrakesch-okt\/\" rel=\"bookmark\" title=\"Permalink to Marrakesch Somatic Yoga Retreat Okt 2026\"><img decoding=\"async\" src=\"https:\/\/nosade.com\/wp-content\/uploads\/Yoga-in-Marrakech-Jardin-Secret_Source-NOSADE-720x288.jpg\" class=\"attachment-adventure-featured-small size-adventure-featured-small wp-post-image\" alt=\"yoga-in-marrakech-jardin-secret_source-nosade\" srcset=\"https:\/\/nosade.com\/wp-content\/uploads\/Yoga-in-Marrakech-Jardin-Secret_Source-NOSADE-720x288.jpg 720w, https:\/\/nosade.com\/wp-content\/uploads\/Yoga-in-Marrakech-Jardin-Secret_Source-NOSADE-300x120.jpg 300w, https:\/\/nosade.com\/wp-content\/uploads\/Yoga-in-Marrakech-Jardin-Secret_Source-NOSADE-768x307.jpg 768w, https:\/\/nosade.com\/wp-content\/uploads\/Yoga-in-Marrakech-Jardin-Secret_Source-NOSADE.jpg 1800w\" sizes=\"(max-width: 720px) 100vw, 720px\" \/><\/a>\n\t\t\t\t\t\n\t\t<!-- BEGIN .article -->\n\t\t<div class=\"article\">\n\n\t\t\t\n\t\t\t<div class=\"tour-infos\">\n\t\t\t\t<div class=\"tour-date\">\n\t\t\t\t\t<i class=\"fa fa-clock-o\"><\/i> <a href=\"https:\/\/nosade.com\/de\/urban-yoga-in-marrakesch-okt\/\" title=\"Marrakesch Somatic Yoga Retreat Okt 2026\"><span class=\"start-date\">Okt. 7, 2026<\/span>\n\t\t\t\t\t<!--br><i class=\"fa fa-stop\"><\/i--> &#8212; <span class=\"end-date\">Okt. 11, 2026<\/span><\/a>\n\t\t\t\t<\/div>\n\t\t\t\t\t\t\t\t<div class=\"tour-location\">\n\t\t\t\t\t<i class=\"fa fa-map-marker\"><\/i> <a href=\"https:\/\/nosade.com\/de\/urban-yoga-in-marrakesch-okt\/\" title=\"Marrakesch Somatic Yoga Retreat Okt 2026\">Marrakesch<\/a>\n\t\t\t\t<\/div>\t\t\t\t\t\t\t\t<div class=\"tour-location\">\n\t\t\t\t\t<i class=\"fa fa-user\"><\/i> <a href=\"https:\/\/nosade.com\/de\/lehrer\/\" title=\"Milena Caruzzo\" target=\"_blank\">Milena Caruzzo<\/a>\n\t\t\t\t<\/div>\t\t\t<\/div>\n\n<!-- Rich Snippet Start-->\n<script type=\"application\/ld+json\">\n{\n  \"@context\": \"http:\/\/schema.org\",\n  \"@type\": \"Event\",\n  \"name\": \"Marrakesch Somatic Yoga Retreat Okt 2026\",\n  \"startDate\" : \"2026-10-07T00:00:00+02:00\",\n  \"endDate\" : \"2026-10-11T00:00:00+02:00\",\n  \"url\" : \"https:\/\/nosade.com\/de\/urban-yoga-in-marrakesch-okt\/\",\n  \"location\" : {\n    \"@type\" : \"Place\",\n    \"sameAs\" : \"http:\/\/nosade.com\",\n    \"name\" : \"Marrakesch\",\n    \"address\" : \"Marrakesch\"\n  }\n}\n<\/script>\n<!-- Rich Snippet End-->\n\n\n\t\t\t<p>Deine Lebendigkeit wieder entdecken. Yoga mit einem Blick \u00fcber das magisch lebendige, historische Marrakesch erleben. Kultur, Inspiration, Bewegung und Bewusstsein geniessen. <\/p>\n\n\t\t\t<div class=\"btn-container \"><a class=\"organic-btn  blue-btn small-btn \" href=\"https:\/\/nosade.com\/de\/urban-yoga-in-marrakesch-okt\/\"><span class=\"btn-holder\">Information & Buchung<\/span><\/a><\/div>\n\t\t<!-- END .article -->\n\t\t<\/div>\n\n\t<!-- END .post class -->\n\t<\/div>\n\n<!-- END .third columns -->\n<\/div>\n\n\t\t\t\n<!-- BEGIN .third columns -->\n<div class=\"third columns\">\n\n\t<!-- BEGIN .post class -->\n\t<div class=\"post-holder post-22046 post type-post status-publish format-standard has-post-thumbnail hentry category-alles-ueber-marokko category-aktuelle-retreatangebote tag-yoga-in-marrakech\" id=\"post-22046\">\n\n\t\t<!-- BEGIN .intro -->\n\t\t<div class=\"intro\">\n\t\t\t<h2 class=\"title\"><a href=\"https:\/\/nosade.com\/de\/urban-marrakesch-yoga-retreat-okt-2025\/\" rel=\"bookmark\" title=\"Urban Marrakesch Yoga Retreat Okt 2026\">Urban Marrakesch Yoga Retreat Okt 2026<\/a><\/h2>\n\t\t<!-- END .intro -->\n\t\t<\/div>\n\n\t\t\t\t\t\t\t\t\t<a class=\"feature-img\" href=\"https:\/\/nosade.com\/de\/urban-marrakesch-yoga-retreat-okt-2025\/\" rel=\"bookmark\" title=\"Permalink to Urban Marrakesch Yoga Retreat Okt 2026\"><img decoding=\"async\" src=\"https:\/\/nosade.com\/wp-content\/uploads\/Marrakechs-Gardens_Source-NOSADE-1-720x288.jpg\" class=\"attachment-adventure-featured-small size-adventure-featured-small wp-post-image\" alt=\"\" srcset=\"https:\/\/nosade.com\/wp-content\/uploads\/Marrakechs-Gardens_Source-NOSADE-1-720x288.jpg 720w, https:\/\/nosade.com\/wp-content\/uploads\/Marrakechs-Gardens_Source-NOSADE-1-300x120.jpg 300w, https:\/\/nosade.com\/wp-content\/uploads\/Marrakechs-Gardens_Source-NOSADE-1-768x307.jpg 768w, https:\/\/nosade.com\/wp-content\/uploads\/Marrakechs-Gardens_Source-NOSADE-1-1536x614.jpg 1536w, https:\/\/nosade.com\/wp-content\/uploads\/Marrakechs-Gardens_Source-NOSADE-1.jpg 1800w\" sizes=\"(max-width: 720px) 100vw, 720px\" \/><\/a>\n\t\t\t\t\t\n\t\t<!-- BEGIN .article -->\n\t\t<div class=\"article\">\n\n\t\t\t\n\t\t\t<div class=\"tour-infos\">\n\t\t\t\t<div class=\"tour-date\">\n\t\t\t\t\t<i class=\"fa fa-clock-o\"><\/i> <a href=\"https:\/\/nosade.com\/de\/urban-marrakesch-yoga-retreat-okt-2025\/\" title=\"Urban Marrakesch Yoga Retreat Okt 2026\"><span class=\"start-date\">Okt. 14, 2026<\/span>\n\t\t\t\t\t<!--br><i class=\"fa fa-stop\"><\/i--> &#8212; <span class=\"end-date\">Okt. 18, 2026<\/span><\/a>\n\t\t\t\t<\/div>\n\t\t\t\t\t\t\t\t<div class=\"tour-location\">\n\t\t\t\t\t<i class=\"fa fa-map-marker\"><\/i> <a href=\"https:\/\/nosade.com\/de\/urban-marrakesch-yoga-retreat-okt-2025\/\" title=\"Urban Marrakesch Yoga Retreat Okt 2026\">Marrakesch<\/a>\n\t\t\t\t<\/div>\t\t\t\t\t\t\t\t<div class=\"tour-location\">\n\t\t\t\t\t<i class=\"fa fa-user\"><\/i> <a href=\"https:\/\/nosade.com\/de\/lehrer\/\" title=\"Patricia Lorenzo\" target=\"_blank\">Patricia Lorenzo<\/a>\n\t\t\t\t<\/div>\t\t\t<\/div>\n\n<!-- Rich Snippet Start-->\n<script type=\"application\/ld+json\">\n{\n  \"@context\": \"http:\/\/schema.org\",\n  \"@type\": \"Event\",\n  \"name\": \"Urban Marrakesch Yoga Retreat Okt 2026\",\n  \"startDate\" : \"2026-10-14T00:00:00+02:00\",\n  \"endDate\" : \"2026-10-18T00:00:00+02:00\",\n  \"url\" : \"https:\/\/nosade.com\/de\/urban-marrakesch-yoga-retreat-okt-2025\/\",\n  \"location\" : {\n    \"@type\" : \"Place\",\n    \"sameAs\" : \"http:\/\/nosade.com\",\n    \"name\" : \"Marrakesch\",\n    \"address\" : \"Marrakesch\"\n  }\n}\n<\/script>\n<!-- Rich Snippet End-->\n\n\n\t\t\t<p>Genie\u00dfe Yoga mit einem Blick \u00fcber das magische, historische Marrakesch. Genie\u00dfe 5 Tage voll von Kultur, Inspiration, Bewegung und Bewusstsein.<\/p>\n\n\t\t\t<div class=\"btn-container \"><a class=\"organic-btn  blue-btn small-btn \" href=\"https:\/\/nosade.com\/de\/urban-marrakesch-yoga-retreat-okt-2025\/\"><span class=\"btn-holder\">Information & Buchung<\/span><\/a><\/div>\n\t\t<!-- END .article -->\n\t\t<\/div>\n\n\t<!-- END .post class -->\n\t<\/div>\n\n<!-- END .third columns -->\n<\/div>\n\n\t\t\t\n<!-- BEGIN .third columns -->\n<div class=\"third columns\">\n\n\t<!-- BEGIN .post class -->\n\t<div class=\"post-holder post-20772 post type-post status-publish format-standard has-post-thumbnail hentry category-aktuelle-retreatangebote tag-yoga-in-marrakech\" id=\"post-20772\">\n\n\t\t<!-- BEGIN .intro -->\n\t\t<div class=\"intro\">\n\t\t\t<h2 class=\"title\"><a href=\"https:\/\/nosade.com\/de\/urban-yoga-retreat-okt-02\/\" rel=\"bookmark\" title=\"Urban Marrakesch Yoga Retreat Okt 2026\">Urban Marrakesch Yoga Retreat Okt 2026<\/a><\/h2>\n\t\t<!-- END .intro -->\n\t\t<\/div>\n\n\t\t\t\t\t\t\t\t\t<a class=\"feature-img\" href=\"https:\/\/nosade.com\/de\/urban-yoga-retreat-okt-02\/\" rel=\"bookmark\" title=\"Permalink to Urban Marrakesch Yoga Retreat Okt 2026\"><img decoding=\"async\" src=\"https:\/\/nosade.com\/wp-content\/uploads\/Green-Marrakech_Source-NOSADE-720x288.jpg\" class=\"attachment-adventure-featured-small size-adventure-featured-small wp-post-image\" alt=\"\" srcset=\"https:\/\/nosade.com\/wp-content\/uploads\/Green-Marrakech_Source-NOSADE-720x288.jpg 720w, https:\/\/nosade.com\/wp-content\/uploads\/Green-Marrakech_Source-NOSADE-300x120.jpg 300w, https:\/\/nosade.com\/wp-content\/uploads\/Green-Marrakech_Source-NOSADE-768x307.jpg 768w, https:\/\/nosade.com\/wp-content\/uploads\/Green-Marrakech_Source-NOSADE.jpg 1800w\" sizes=\"(max-width: 720px) 100vw, 720px\" \/><\/a>\n\t\t\t\t\t\n\t\t<!-- BEGIN .article -->\n\t\t<div class=\"article\">\n\n\t\t\t\n\t\t\t<div class=\"tour-infos\">\n\t\t\t\t<div class=\"tour-date\">\n\t\t\t\t\t<i class=\"fa fa-clock-o\"><\/i> <a href=\"https:\/\/nosade.com\/de\/urban-yoga-retreat-okt-02\/\" title=\"Urban Marrakesch Yoga Retreat Okt 2026\"><span class=\"start-date\">Okt. 21, 2026<\/span>\n\t\t\t\t\t<!--br><i class=\"fa fa-stop\"><\/i--> &#8212; <span class=\"end-date\">Okt. 25, 2026<\/span><\/a>\n\t\t\t\t<\/div>\n\t\t\t\t\t\t\t\t<div class=\"tour-location\">\n\t\t\t\t\t<i class=\"fa fa-map-marker\"><\/i> <a href=\"https:\/\/nosade.com\/de\/urban-yoga-retreat-okt-02\/\" title=\"Urban Marrakesch Yoga Retreat Okt 2026\">Marrakesch<\/a>\n\t\t\t\t<\/div>\t\t\t\t\t\t\t\t<div class=\"tour-location\">\n\t\t\t\t\t<i class=\"fa fa-user\"><\/i> <a href=\"https:\/\/nosade.com\/de\/lehrer\/\" title=\"Gaia Ceccarelli\" target=\"_blank\">Gaia Ceccarelli<\/a>\n\t\t\t\t<\/div>\t\t\t<\/div>\n\n<!-- Rich Snippet Start-->\n<script type=\"application\/ld+json\">\n{\n  \"@context\": \"http:\/\/schema.org\",\n  \"@type\": \"Event\",\n  \"name\": \"Urban Marrakesch Yoga Retreat Okt 2026\",\n  \"startDate\" : \"2026-10-21T00:00:00+02:00\",\n  \"endDate\" : \"2026-10-25T00:00:00+02:00\",\n  \"url\" : \"https:\/\/nosade.com\/de\/urban-yoga-retreat-okt-02\/\",\n  \"location\" : {\n    \"@type\" : \"Place\",\n    \"sameAs\" : \"http:\/\/nosade.com\",\n    \"name\" : \"Marrakesch\",\n    \"address\" : \"Marrakesch\"\n  }\n}\n<\/script>\n<!-- Rich Snippet End-->\n\n\n\t\t\t<p>Genie\u00dfe Yoga mit einem Blick \u00fcber das magisch lebendige, historische Marrakesch. Genie\u00dfe 5 Tage voll von Kultur, Inspiration, Bewegung und Bewusstsein.<\/p>\n\n\t\t\t<div class=\"btn-container \"><a class=\"organic-btn  blue-btn small-btn \" href=\"https:\/\/nosade.com\/de\/urban-yoga-retreat-okt-02\/\"><span class=\"btn-holder\">Information & Buchung<\/span><\/a><\/div>\n\t\t<!-- END .article -->\n\t\t<\/div>\n\n\t<!-- END .post class -->\n\t<\/div>\n\n<!-- END .third columns -->\n<\/div>\n\n\t\t\t\n<!-- BEGIN .third columns -->\n<div class=\"third columns\">\n\n\t<!-- BEGIN .post class -->\n\t<div class=\"post-holder post-4906 post type-post status-publish format-standard has-post-thumbnail hentry category-aktuelle-retreatangebote tag-yoga-in-marrakech\" id=\"post-4906\">\n\n\t\t<!-- BEGIN .intro -->\n\t\t<div class=\"intro\">\n\t\t\t<h2 class=\"title\"><a href=\"https:\/\/nosade.com\/de\/yoga-in-marrakesch-oktober\/\" rel=\"bookmark\" title=\"Urban Marrakesch Yoga Retreat Nov 2026\">Urban Marrakesch Yoga Retreat Nov 2026<\/a><\/h2>\n\t\t<!-- END .intro -->\n\t\t<\/div>\n\n\t\t\t\t\t\t\t\t\t<a class=\"feature-img\" href=\"https:\/\/nosade.com\/de\/yoga-in-marrakesch-oktober\/\" rel=\"bookmark\" title=\"Permalink to Urban Marrakesch Yoga Retreat Nov 2026\"><img decoding=\"async\" src=\"https:\/\/nosade.com\/wp-content\/uploads\/Urban-Marrakech-Yoga_Source-NOSADE-720x288.jpg\" class=\"attachment-adventure-featured-small size-adventure-featured-small wp-post-image\" alt=\"urban-marrakech-yoga_source-nosade\" srcset=\"https:\/\/nosade.com\/wp-content\/uploads\/Urban-Marrakech-Yoga_Source-NOSADE-720x288.jpg 720w, https:\/\/nosade.com\/wp-content\/uploads\/Urban-Marrakech-Yoga_Source-NOSADE-300x120.jpg 300w, https:\/\/nosade.com\/wp-content\/uploads\/Urban-Marrakech-Yoga_Source-NOSADE-768x307.jpg 768w, https:\/\/nosade.com\/wp-content\/uploads\/Urban-Marrakech-Yoga_Source-NOSADE.jpg 1800w\" sizes=\"(max-width: 720px) 100vw, 720px\" \/><\/a>\n\t\t\t\t\t\n\t\t<!-- BEGIN .article -->\n\t\t<div class=\"article\">\n\n\t\t\t\n\t\t\t<div class=\"tour-infos\">\n\t\t\t\t<div class=\"tour-date\">\n\t\t\t\t\t<i class=\"fa fa-clock-o\"><\/i> <a href=\"https:\/\/nosade.com\/de\/yoga-in-marrakesch-oktober\/\" title=\"Urban Marrakesch Yoga Retreat Nov 2026\"><span class=\"start-date\">Okt. 28, 2026<\/span>\n\t\t\t\t\t<!--br><i class=\"fa fa-stop\"><\/i--> &#8212; <span class=\"end-date\">Nov. 1, 2026<\/span><\/a>\n\t\t\t\t<\/div>\n\t\t\t\t\t\t\t\t<div class=\"tour-location\">\n\t\t\t\t\t<i class=\"fa fa-map-marker\"><\/i> <a href=\"https:\/\/nosade.com\/de\/yoga-in-marrakesch-oktober\/\" title=\"Urban Marrakesch Yoga Retreat Nov 2026\">Marrakesch<\/a>\n\t\t\t\t<\/div>\t\t\t\t\t\t\t\t<div class=\"tour-location\">\n\t\t\t\t\t<i class=\"fa fa-user\"><\/i> <a href=\"https:\/\/nosade.com\/de\/lehrer\/\" title=\"Gaia Ceccarelli\" target=\"_blank\">Gaia Ceccarelli<\/a>\n\t\t\t\t<\/div>\t\t\t<\/div>\n\n<!-- Rich Snippet Start-->\n<script type=\"application\/ld+json\">\n{\n  \"@context\": \"http:\/\/schema.org\",\n  \"@type\": \"Event\",\n  \"name\": \"Urban Marrakesch Yoga Retreat Nov 2026\",\n  \"startDate\" : \"2026-10-28T00:00:00+01:00\",\n  \"endDate\" : \"2026-11-01T00:00:00+01:00\",\n  \"url\" : \"https:\/\/nosade.com\/de\/yoga-in-marrakesch-oktober\/\",\n  \"location\" : {\n    \"@type\" : \"Place\",\n    \"sameAs\" : \"http:\/\/nosade.com\",\n    \"name\" : \"Marrakesch\",\n    \"address\" : \"Marrakesch\"\n  }\n}\n<\/script>\n<!-- Rich Snippet End-->\n\n\n\t\t\t<p>Genie\u00dfe Yoga mit einem Blick \u00fcber das magisch lebendige, historische Marrakesch. Genie\u00dfe 5 Tage voll von Kultur, Inspiration, Bewegung und Bewusstsein. <\/p>\n\n\t\t\t<div class=\"btn-container \"><a class=\"organic-btn  blue-btn small-btn \" href=\"https:\/\/nosade.com\/de\/yoga-in-marrakesch-oktober\/\"><span class=\"btn-holder\">Information & Buchung<\/span><\/a><\/div>\n\t\t<!-- END .article -->\n\t\t<\/div>\n\n\t<!-- END .post class -->\n\t<\/div>\n\n<!-- END .third columns -->\n<\/div>\n\n\t\t\t\n<!-- BEGIN .third columns -->\n<div class=\"third columns\">\n\n\t<!-- BEGIN .post class -->\n\t<div class=\"post-holder post-11564 post type-post status-publish format-standard has-post-thumbnail hentry category-aktuelle-retreatangebote tag-yoga-in-marrakech\" id=\"post-11564\">\n\n\t\t<!-- BEGIN .intro -->\n\t\t<div class=\"intro\">\n\t\t\t<h2 class=\"title\"><a href=\"https:\/\/nosade.com\/de\/urban-marrakesch-yoga-retreat-nov\/\" rel=\"bookmark\" title=\"Urban Marrakesch Yoga Retreat Nov 2026\">Urban Marrakesch Yoga Retreat Nov 2026<\/a><\/h2>\n\t\t<!-- END .intro -->\n\t\t<\/div>\n\n\t\t\t\t\t\t\t\t\t<a class=\"feature-img\" href=\"https:\/\/nosade.com\/de\/urban-marrakesch-yoga-retreat-nov\/\" rel=\"bookmark\" title=\"Permalink to Urban Marrakesch Yoga Retreat Nov 2026\"><img decoding=\"async\" src=\"https:\/\/nosade.com\/wp-content\/uploads\/Reisen-in-Zeiten-von-Corona_Source-NOSADE-720x288.jpg\" class=\"attachment-adventure-featured-small size-adventure-featured-small wp-post-image\" alt=\"Lena_Source NOSADE\" srcset=\"https:\/\/nosade.com\/wp-content\/uploads\/Reisen-in-Zeiten-von-Corona_Source-NOSADE-720x288.jpg 720w, https:\/\/nosade.com\/wp-content\/uploads\/Reisen-in-Zeiten-von-Corona_Source-NOSADE-300x120.jpg 300w, https:\/\/nosade.com\/wp-content\/uploads\/Reisen-in-Zeiten-von-Corona_Source-NOSADE-768x307.jpg 768w, https:\/\/nosade.com\/wp-content\/uploads\/Reisen-in-Zeiten-von-Corona_Source-NOSADE-1536x614.jpg 1536w, https:\/\/nosade.com\/wp-content\/uploads\/Reisen-in-Zeiten-von-Corona_Source-NOSADE.jpg 1800w\" sizes=\"(max-width: 720px) 100vw, 720px\" \/><\/a>\n\t\t\t\t\t\n\t\t<!-- BEGIN .article -->\n\t\t<div class=\"article\">\n\n\t\t\t\n\t\t\t<div class=\"tour-infos\">\n\t\t\t\t<div class=\"tour-date\">\n\t\t\t\t\t<i class=\"fa fa-clock-o\"><\/i> <a href=\"https:\/\/nosade.com\/de\/urban-marrakesch-yoga-retreat-nov\/\" title=\"Urban Marrakesch Yoga Retreat Nov 2026\"><span class=\"start-date\">Nov. 25, 2026<\/span>\n\t\t\t\t\t<!--br><i class=\"fa fa-stop\"><\/i--> &#8212; <span class=\"end-date\">Nov. 29, 2026<\/span><\/a>\n\t\t\t\t<\/div>\n\t\t\t\t\t\t\t\t<div class=\"tour-location\">\n\t\t\t\t\t<i class=\"fa fa-map-marker\"><\/i> <a href=\"https:\/\/nosade.com\/de\/urban-marrakesch-yoga-retreat-nov\/\" title=\"Urban Marrakesch Yoga Retreat Nov 2026\">Marrakesch<\/a>\n\t\t\t\t<\/div>\t\t\t\t\t\t\t\t<div class=\"tour-location\">\n\t\t\t\t\t<i class=\"fa fa-user\"><\/i> <a href=\"https:\/\/nosade.com\/de\/lehrer\/\" title=\"Jens Simon Petersen\" target=\"_blank\">Jens Simon Petersen<\/a>\n\t\t\t\t<\/div>\t\t\t<\/div>\n\n<!-- Rich Snippet Start-->\n<script type=\"application\/ld+json\">\n{\n  \"@context\": \"http:\/\/schema.org\",\n  \"@type\": \"Event\",\n  \"name\": \"Urban Marrakesch Yoga Retreat Nov 2026\",\n  \"startDate\" : \"2026-11-25T00:00:00+01:00\",\n  \"endDate\" : \"2026-11-29T00:00:00+01:00\",\n  \"url\" : \"https:\/\/nosade.com\/de\/urban-marrakesch-yoga-retreat-nov\/\",\n  \"location\" : {\n    \"@type\" : \"Place\",\n    \"sameAs\" : \"http:\/\/nosade.com\",\n    \"name\" : \"Marrakesch\",\n    \"address\" : \"Marrakesch\"\n  }\n}\n<\/script>\n<!-- Rich Snippet End-->\n\n\n\t\t\t<p>Genie\u00dfe Yoga mit einem Blick \u00fcber das magisch lebendige, historische Marrakesch. Genie\u00dfe 5 Tage voll von Kultur, Inspiration, Bewegung und Bewusstsein. <\/p>\n\n\t\t\t<div class=\"btn-container \"><a class=\"organic-btn  blue-btn small-btn \" href=\"https:\/\/nosade.com\/de\/urban-marrakesch-yoga-retreat-nov\/\"><span class=\"btn-holder\">Information & Buchung<\/span><\/a><\/div>\n\t\t<!-- END .article -->\n\t\t<\/div>\n\n\t<!-- END .post class -->\n\t<\/div>\n\n<!-- END .third columns -->\n<\/div>\n\n\t\t\t\n<!-- BEGIN .third columns -->\n<div class=\"third columns\">\n\n\t<!-- BEGIN .post class -->\n\t<div class=\"post-holder post-18027 post type-post status-publish format-standard has-post-thumbnail hentry category-aktuelle-retreatangebote tag-yoga-in-marrakech\" id=\"post-18027\">\n\n\t\t<!-- BEGIN .intro -->\n\t\t<div class=\"intro\">\n\t\t\t<h2 class=\"title\"><a href=\"https:\/\/nosade.com\/de\/urban-marrakesch-yoga-retreat-dez-2025\/\" rel=\"bookmark\" title=\"Urban Marrakesch Yoga Retreat Dez 2026\">Urban Marrakesch Yoga Retreat Dez 2026<\/a><\/h2>\n\t\t<!-- END .intro -->\n\t\t<\/div>\n\n\t\t\t\t\t\t\t\t\t<a class=\"feature-img\" href=\"https:\/\/nosade.com\/de\/urban-marrakesch-yoga-retreat-dez-2025\/\" rel=\"bookmark\" title=\"Permalink to Urban Marrakesch Yoga Retreat Dez 2026\"><img decoding=\"async\" src=\"https:\/\/nosade.com\/wp-content\/uploads\/Green-Marrakech-Yoga-Retreat_Source-Luderwaldt-Photography-for-NOSADE-1-720x288.jpg\" class=\"attachment-adventure-featured-small size-adventure-featured-small wp-post-image\" alt=\"\" srcset=\"https:\/\/nosade.com\/wp-content\/uploads\/Green-Marrakech-Yoga-Retreat_Source-Luderwaldt-Photography-for-NOSADE-1-720x288.jpg 720w, https:\/\/nosade.com\/wp-content\/uploads\/Green-Marrakech-Yoga-Retreat_Source-Luderwaldt-Photography-for-NOSADE-1-300x120.jpg 300w, https:\/\/nosade.com\/wp-content\/uploads\/Green-Marrakech-Yoga-Retreat_Source-Luderwaldt-Photography-for-NOSADE-1-768x307.jpg 768w, https:\/\/nosade.com\/wp-content\/uploads\/Green-Marrakech-Yoga-Retreat_Source-Luderwaldt-Photography-for-NOSADE-1.jpg 1800w\" sizes=\"(max-width: 720px) 100vw, 720px\" \/><\/a>\n\t\t\t\t\t\n\t\t<!-- BEGIN .article -->\n\t\t<div class=\"article\">\n\n\t\t\t\n\t\t\t<div class=\"tour-infos\">\n\t\t\t\t<div class=\"tour-date\">\n\t\t\t\t\t<i class=\"fa fa-clock-o\"><\/i> <a href=\"https:\/\/nosade.com\/de\/urban-marrakesch-yoga-retreat-dez-2025\/\" title=\"Urban Marrakesch Yoga Retreat Dez 2026\"><span class=\"start-date\">Dez. 2, 2026<\/span>\n\t\t\t\t\t<!--br><i class=\"fa fa-stop\"><\/i--> &#8212; <span class=\"end-date\">Dez. 6, 2026<\/span><\/a>\n\t\t\t\t<\/div>\n\t\t\t\t\t\t\t\t<div class=\"tour-location\">\n\t\t\t\t\t<i class=\"fa fa-map-marker\"><\/i> <a href=\"https:\/\/nosade.com\/de\/urban-marrakesch-yoga-retreat-dez-2025\/\" title=\"Urban Marrakesch Yoga Retreat Dez 2026\">Marrakesch<\/a>\n\t\t\t\t<\/div>\t\t\t\t\t\t\t\t<div class=\"tour-location\">\n\t\t\t\t\t<i class=\"fa fa-user\"><\/i> <a href=\"https:\/\/nosade.com\/de\/lehrer\/\" title=\"Patricia Lorenzo\" target=\"_blank\">Patricia Lorenzo<\/a>\n\t\t\t\t<\/div>\t\t\t<\/div>\n\n<!-- Rich Snippet Start-->\n<script type=\"application\/ld+json\">\n{\n  \"@context\": \"http:\/\/schema.org\",\n  \"@type\": \"Event\",\n  \"name\": \"Urban Marrakesch Yoga Retreat Dez 2026\",\n  \"startDate\" : \"2026-12-02T00:00:00+01:00\",\n  \"endDate\" : \"2026-12-06T00:00:00+01:00\",\n  \"url\" : \"https:\/\/nosade.com\/de\/urban-marrakesch-yoga-retreat-dez-2025\/\",\n  \"location\" : {\n    \"@type\" : \"Place\",\n    \"sameAs\" : \"http:\/\/nosade.com\",\n    \"name\" : \"Marrakesch\",\n    \"address\" : \"Marrakesch\"\n  }\n}\n<\/script>\n<!-- Rich Snippet End-->\n\n\n\t\t\t<p>Genie\u00dfe Yoga mit einem Blick \u00fcber das magisch lebendige, historische Marrakesch. Genie\u00dfe 5 Tage voll von Kultur, Inspiration, Bewegung und Bewusstsein. <\/p>\n\n\t\t\t<div class=\"btn-container \"><a class=\"organic-btn  blue-btn small-btn \" href=\"https:\/\/nosade.com\/de\/urban-marrakesch-yoga-retreat-dez-2025\/\"><span class=\"btn-holder\">Information & Buchung<\/span><\/a><\/div>\n\t\t<!-- END .article -->\n\t\t<\/div>\n\n\t<!-- END .post class -->\n\t<\/div>\n\n<!-- END .third columns -->\n<\/div>\n\n\t\t\t\n<!-- BEGIN .third columns -->\n<div class=\"third columns\">\n\n\t<!-- BEGIN .post class -->\n\t<div class=\"post-holder post-1101 post type-post status-publish format-standard has-post-thumbnail hentry category-aktuelle-retreatangebote tag-yoga-in-marrakech\" id=\"post-1101\">\n\n\t\t<!-- BEGIN .intro -->\n\t\t<div class=\"intro\">\n\t\t\t<h2 class=\"title\"><a href=\"https:\/\/nosade.com\/de\/yoga-in-marrakesch-dez-02\/\" rel=\"bookmark\" title=\"Urban Marrakesch Yoga Retreat Dez 2026\">Urban Marrakesch Yoga Retreat Dez 2026<\/a><\/h2>\n\t\t<!-- END .intro -->\n\t\t<\/div>\n\n\t\t\t\t\t\t\t\t\t<a class=\"feature-img\" href=\"https:\/\/nosade.com\/de\/yoga-in-marrakesch-dez-02\/\" rel=\"bookmark\" title=\"Permalink to Urban Marrakesch Yoga Retreat Dez 2026\"><img decoding=\"async\" src=\"https:\/\/nosade.com\/wp-content\/uploads\/NOSADE-Yoga-Retreats_Source-Luderwaldt-Photography-for-NOSADE-720x288.jpg\" class=\"attachment-adventure-featured-small size-adventure-featured-small wp-post-image\" alt=\"\" srcset=\"https:\/\/nosade.com\/wp-content\/uploads\/NOSADE-Yoga-Retreats_Source-Luderwaldt-Photography-for-NOSADE-720x288.jpg 720w, https:\/\/nosade.com\/wp-content\/uploads\/NOSADE-Yoga-Retreats_Source-Luderwaldt-Photography-for-NOSADE-300x120.jpg 300w, https:\/\/nosade.com\/wp-content\/uploads\/NOSADE-Yoga-Retreats_Source-Luderwaldt-Photography-for-NOSADE-768x307.jpg 768w, https:\/\/nosade.com\/wp-content\/uploads\/NOSADE-Yoga-Retreats_Source-Luderwaldt-Photography-for-NOSADE-1800x720.jpg 1800w\" sizes=\"(max-width: 720px) 100vw, 720px\" \/><\/a>\n\t\t\t\t\t\n\t\t<!-- BEGIN .article -->\n\t\t<div class=\"article\">\n\n\t\t\t\n\t\t\t<div class=\"tour-infos\">\n\t\t\t\t<div class=\"tour-date\">\n\t\t\t\t\t<i class=\"fa fa-clock-o\"><\/i> <a href=\"https:\/\/nosade.com\/de\/yoga-in-marrakesch-dez-02\/\" title=\"Urban Marrakesch Yoga Retreat Dez 2026\"><span class=\"start-date\">Dez. 16, 2026<\/span>\n\t\t\t\t\t<!--br><i class=\"fa fa-stop\"><\/i--> &#8212; <span class=\"end-date\">Dez. 20, 2026<\/span><\/a>\n\t\t\t\t<\/div>\n\t\t\t\t\t\t\t\t<div class=\"tour-location\">\n\t\t\t\t\t<i class=\"fa fa-map-marker\"><\/i> <a href=\"https:\/\/nosade.com\/de\/yoga-in-marrakesch-dez-02\/\" title=\"Urban Marrakesch Yoga Retreat Dez 2026\">Marrakesch<\/a>\n\t\t\t\t<\/div>\t\t\t\t\t\t\t\t<div class=\"tour-location\">\n\t\t\t\t\t<i class=\"fa fa-user\"><\/i> <a href=\"https:\/\/nosade.com\/de\/lehrer\/\" title=\"Patricia Lorenzo\" target=\"_blank\">Patricia Lorenzo<\/a>\n\t\t\t\t<\/div>\t\t\t<\/div>\n\n<!-- Rich Snippet Start-->\n<script type=\"application\/ld+json\">\n{\n  \"@context\": \"http:\/\/schema.org\",\n  \"@type\": \"Event\",\n  \"name\": \"Urban Marrakesch Yoga Retreat Dez 2026\",\n  \"startDate\" : \"2026-12-16T00:00:00+01:00\",\n  \"endDate\" : \"2026-12-20T00:00:00+01:00\",\n  \"url\" : \"https:\/\/nosade.com\/de\/yoga-in-marrakesch-dez-02\/\",\n  \"location\" : {\n    \"@type\" : \"Place\",\n    \"sameAs\" : \"http:\/\/nosade.com\",\n    \"name\" : \"Marrakesch\",\n    \"address\" : \"Marrakesch\"\n  }\n}\n<\/script>\n<!-- Rich Snippet End-->\n\n\n\t\t\t<p>Genie\u00dfe Yoga mit einem Blick \u00fcber das magische, historische Marrakesch. Genie\u00dfe 5 Tage voll von Kultur, Inspiration, Bewegung und Bewusstsein. <\/p>\n\n\t\t\t<div class=\"btn-container \"><a class=\"organic-btn  blue-btn small-btn \" href=\"https:\/\/nosade.com\/de\/yoga-in-marrakesch-dez-02\/\"><span class=\"btn-holder\">Information & Buchung<\/span><\/a><\/div>\n\t\t<!-- END .article -->\n\t\t<\/div>\n\n\t<!-- END .post class -->\n\t<\/div>\n\n<!-- END .third columns -->\n<\/div>\n\n\t\t\t\n<!-- BEGIN .third columns -->\n<div class=\"third columns\">\n\n\t<!-- BEGIN .post class -->\n\t<div class=\"post-holder post-4215 post type-post status-publish format-standard has-post-thumbnail hentry category-aktuelle-retreatangebote tag-special-retreats tag-yoga-in-marrakech\" id=\"post-4215\">\n\n\t\t<!-- BEGIN .intro -->\n\t\t<div class=\"intro\">\n\t\t\t<h2 class=\"title\"><a href=\"https:\/\/nosade.com\/de\/exklusives-silvester-yoga-retreat-in-marrakesch\/\" rel=\"bookmark\" title=\"Silvester Yoga Retreat in Marrakesch\">Silvester Yoga Retreat in Marrakesch<\/a><\/h2>\n\t\t<!-- END .intro -->\n\t\t<\/div>\n\n\t\t\t\t\t\t\t\t\t<a class=\"feature-img\" href=\"https:\/\/nosade.com\/de\/exklusives-silvester-yoga-retreat-in-marrakesch\/\" rel=\"bookmark\" title=\"Permalink to Silvester Yoga Retreat in Marrakesch\"><img decoding=\"async\" src=\"https:\/\/nosade.com\/wp-content\/uploads\/New-Years-Retreat-Marrakech_Source-NOSADE-720x288.jpg\" class=\"attachment-adventure-featured-small size-adventure-featured-small wp-post-image\" alt=\"new-years-retreat-marrakech_source-nosade\" srcset=\"https:\/\/nosade.com\/wp-content\/uploads\/New-Years-Retreat-Marrakech_Source-NOSADE-720x288.jpg 720w, https:\/\/nosade.com\/wp-content\/uploads\/New-Years-Retreat-Marrakech_Source-NOSADE-300x120.jpg 300w, https:\/\/nosade.com\/wp-content\/uploads\/New-Years-Retreat-Marrakech_Source-NOSADE-768x307.jpg 768w, https:\/\/nosade.com\/wp-content\/uploads\/New-Years-Retreat-Marrakech_Source-NOSADE.jpg 1800w\" sizes=\"(max-width: 720px) 100vw, 720px\" \/><\/a>\n\t\t\t\t\t\n\t\t<!-- BEGIN .article -->\n\t\t<div class=\"article\">\n\n\t\t\t\n\t\t\t<div class=\"tour-infos\">\n\t\t\t\t<div class=\"tour-date\">\n\t\t\t\t\t<i class=\"fa fa-clock-o\"><\/i> <a href=\"https:\/\/nosade.com\/de\/exklusives-silvester-yoga-retreat-in-marrakesch\/\" title=\"Silvester Yoga Retreat in Marrakesch\"><span class=\"start-date\">Dez. 28, 2026<\/span>\n\t\t\t\t\t<!--br><i class=\"fa fa-stop\"><\/i--> &#8212; <span class=\"end-date\">Jan. 2, 2027<\/span><\/a>\n\t\t\t\t<\/div>\n\t\t\t\t\t\t\t\t<div class=\"tour-location\">\n\t\t\t\t\t<i class=\"fa fa-map-marker\"><\/i> <a href=\"https:\/\/nosade.com\/de\/exklusives-silvester-yoga-retreat-in-marrakesch\/\" title=\"Silvester Yoga Retreat in Marrakesch\">Marrakesch<\/a>\n\t\t\t\t<\/div>\t\t\t\t\t\t\t\t<div class=\"tour-location\">\n\t\t\t\t\t<i class=\"fa fa-user\"><\/i> <a href=\"https:\/\/nosade.com\/de\/lehrer\/\" title=\"Patricia Lorenzo\" target=\"_blank\">Patricia Lorenzo<\/a>\n\t\t\t\t<\/div>\t\t\t<\/div>\n\n<!-- Rich Snippet Start-->\n<script type=\"application\/ld+json\">\n{\n  \"@context\": \"http:\/\/schema.org\",\n  \"@type\": \"Event\",\n  \"name\": \"Silvester Yoga Retreat in Marrakesch\",\n  \"startDate\" : \"2026-12-28T00:00:00+01:00\",\n  \"endDate\" : \"2027-01-02T00:00:00+01:00\",\n  \"url\" : \"https:\/\/nosade.com\/de\/exklusives-silvester-yoga-retreat-in-marrakesch\/\",\n  \"location\" : {\n    \"@type\" : \"Place\",\n    \"sameAs\" : \"http:\/\/nosade.com\",\n    \"name\" : \"Marrakesch\",\n    \"address\" : \"Marrakesch\"\n  }\n}\n<\/script>\n<!-- Rich Snippet End-->\n\n\n\t\t\t<p>Genie\u00dfe die Tage um Neujahr auf einem intensiven, reinigenden und ganz besonderen Yoga Retreat im farbenfrohen Marrakesch mit Workshops &#038; Zeremonien.<\/p>\n\n\t\t\t<div class=\"btn-container \"><a class=\"organic-btn  blue-btn small-btn \" href=\"https:\/\/nosade.com\/de\/exklusives-silvester-yoga-retreat-in-marrakesch\/\"><span class=\"btn-holder\">Information & Buchung<\/span><\/a><\/div>\n\t\t<!-- END .article -->\n\t\t<\/div>\n\n\t<!-- END .post class -->\n\t<\/div>\n\n<!-- END .third columns -->\n<\/div>\n\n\t\t\t\t\t\t<\/div>\n\t\t\t<div class=\"clear\"><\/div>\n\t\t\t\n<h3><strong>Das erwartet Dich<\/strong><\/h3>\n<ul>\n<li>2 Yoga Klassen t\u00e4glich, eine kraftvolle am Morgen &amp; eine ruhige am Abend<\/li>\n<li>Gehe auf Entdeckungsreise und erkunde\u00a0alle sehenswerten Highlights in Marrakech auf einer gef\u00fchrten Tour:\u00a0Jemaa el-Fnaa,\u00a0Koutoubia Moschee,\u00a0Majorelle G\u00e4rten,\u00a0Bahia Palast, Saadier Gr\u00e4ber, die Souks, all die kleinen Gassen, in denen es nur so wuselt vor Kreativit\u00e4t und kleinen Sch\u00e4tzen, vor Kunsthandwerk und D\u00fcften<\/li>\n<li>Entdecke die Stadt auf eigene Faust, um Deinen Daheimgebliebenen ebenfalls ein St\u00fcck Orient\u00a0mitzubringen und keine W\u00fcnsche offen zu lassen, lass Dich von\u00a0einem traditionellen Hammam-Besuch \u00fcberraschen oder genie\u00dfe einfach die Ruhe, die Sonne und ein Glas Tee im k\u00fchlen Riad<\/li>\n<\/ul>\n<h3><strong>Yoga, Meditation &amp; kulturelle H\u00f6hepunkte<\/strong><\/h3>\n\n\t\t<style type=\"text\/css\">\n\t\t\t#gallery-1 {\n\t\t\t\tmargin: auto;\n\t\t\t}\n\t\t\t#gallery-1 .gallery-item {\n\t\t\t\tfloat: left;\n\t\t\t\tmargin-top: 10px;\n\t\t\t\ttext-align: center;\n\t\t\t\twidth: 20%;\n\t\t\t}\n\t\t\t#gallery-1 img {\n\t\t\t\tborder: 2px solid #cfcfcf;\n\t\t\t}\n\t\t\t#gallery-1 .gallery-caption {\n\t\t\t\tmargin-left: 0;\n\t\t\t}\n\t\t\t\/* see gallery_shortcode() in wp-includes\/media.php *\/\n\t\t<\/style>\n\t\t<div id='gallery-1' class='gallery galleryid-4215 gallery-columns-5 gallery-size-thumbnail'><dl class='gallery-item'>\n\t\t\t<dt class='gallery-icon portrait'>\n\t\t\t\t<a href='https:\/\/nosade.com\/wp-content\/uploads\/Marrakech-Menara-Gardens-Morocco_Source-NOSADE.jpg'><img loading=\"lazy\" decoding=\"async\" width=\"150\" height=\"150\" src=\"https:\/\/nosade.com\/wp-content\/uploads\/Marrakech-Menara-Gardens-Morocco_Source-NOSADE-150x150.jpg\" class=\"attachment-thumbnail size-thumbnail\" alt=\"\" srcset=\"https:\/\/nosade.com\/wp-content\/uploads\/Marrakech-Menara-Gardens-Morocco_Source-NOSADE-150x150.jpg 150w, https:\/\/nosade.com\/wp-content\/uploads\/Marrakech-Menara-Gardens-Morocco_Source-NOSADE-640x640.jpg 640w\" sizes=\"(max-width: 150px) 100vw, 150px\" \/><\/a>\n\t\t\t<\/dt><\/dl><dl class='gallery-item'>\n\t\t\t<dt class='gallery-icon landscape'>\n\t\t\t\t<a href='https:\/\/nosade.com\/wp-content\/uploads\/Headstand-Rooftop-Marrakech_Source-Amanda-LaMagna-Livaligned.jpg'><img loading=\"lazy\" decoding=\"async\" width=\"150\" height=\"150\" src=\"https:\/\/nosade.com\/wp-content\/uploads\/Headstand-Rooftop-Marrakech_Source-Amanda-LaMagna-Livaligned-150x150.jpg\" class=\"attachment-thumbnail size-thumbnail\" alt=\"\" \/><\/a>\n\t\t\t<\/dt><\/dl><dl class='gallery-item'>\n\t\t\t<dt class='gallery-icon landscape'>\n\t\t\t\t<a href='https:\/\/nosade.com\/wp-content\/uploads\/Yoga-over-Marrakechs-rooftops_Source-NOSADE.jpg'><img loading=\"lazy\" decoding=\"async\" width=\"150\" height=\"150\" src=\"https:\/\/nosade.com\/wp-content\/uploads\/Yoga-over-Marrakechs-rooftops_Source-NOSADE-150x150.jpg\" class=\"attachment-thumbnail size-thumbnail\" alt=\"\" \/><\/a>\n\t\t\t<\/dt><\/dl><dl class='gallery-item'>\n\t\t\t<dt class='gallery-icon landscape'>\n\t\t\t\t<a href='https:\/\/nosade.com\/wp-content\/uploads\/Riad-Marrakech-Morocco-Traditional-Morccan-house_Source-NOSADE.jpg'><img loading=\"lazy\" decoding=\"async\" width=\"150\" height=\"150\" src=\"https:\/\/nosade.com\/wp-content\/uploads\/Riad-Marrakech-Morocco-Traditional-Morccan-house_Source-NOSADE-150x150.jpg\" class=\"attachment-thumbnail size-thumbnail\" alt=\"\" srcset=\"https:\/\/nosade.com\/wp-content\/uploads\/Riad-Marrakech-Morocco-Traditional-Morccan-house_Source-NOSADE-150x150.jpg 150w, https:\/\/nosade.com\/wp-content\/uploads\/Riad-Marrakech-Morocco-Traditional-Morccan-house_Source-NOSADE-640x640.jpg 640w\" sizes=\"(max-width: 150px) 100vw, 150px\" \/><\/a>\n\t\t\t<\/dt><\/dl><dl class='gallery-item'>\n\t\t\t<dt class='gallery-icon landscape'>\n\t\t\t\t<a href='https:\/\/nosade.com\/wp-content\/uploads\/Sunset-yoga-facing-Koutoubia-Mosque_Source-NOSADE.jpg'><img loading=\"lazy\" decoding=\"async\" width=\"150\" height=\"150\" src=\"https:\/\/nosade.com\/wp-content\/uploads\/Sunset-yoga-facing-Koutoubia-Mosque_Source-NOSADE-150x150.jpg\" class=\"attachment-thumbnail size-thumbnail\" alt=\"\" \/><\/a>\n\t\t\t<\/dt><\/dl><br style=\"clear: both\" \/><dl class='gallery-item'>\n\t\t\t<dt class='gallery-icon landscape'>\n\t\t\t\t<a href='https:\/\/nosade.com\/wp-content\/uploads\/Sunset-behind-Koutoubia-Mosque-in-Marrakech_Source-NOSADE.jpg'><img loading=\"lazy\" decoding=\"async\" width=\"150\" height=\"150\" src=\"https:\/\/nosade.com\/wp-content\/uploads\/Sunset-behind-Koutoubia-Mosque-in-Marrakech_Source-NOSADE-150x150.jpg\" class=\"attachment-thumbnail size-thumbnail\" alt=\"\" srcset=\"https:\/\/nosade.com\/wp-content\/uploads\/Sunset-behind-Koutoubia-Mosque-in-Marrakech_Source-NOSADE-150x150.jpg 150w, https:\/\/nosade.com\/wp-content\/uploads\/Sunset-behind-Koutoubia-Mosque-in-Marrakech_Source-NOSADE-640x640.jpg 640w\" sizes=\"(max-width: 150px) 100vw, 150px\" \/><\/a>\n\t\t\t<\/dt><\/dl><dl class='gallery-item'>\n\t\t\t<dt class='gallery-icon portrait'>\n\t\t\t\t<a href='https:\/\/nosade.com\/wp-content\/uploads\/Souk-Marrakech-Medina-Morocco_Source-NOSADE.jpg'><img loading=\"lazy\" decoding=\"async\" width=\"150\" height=\"150\" src=\"https:\/\/nosade.com\/wp-content\/uploads\/Souk-Marrakech-Medina-Morocco_Source-NOSADE-150x150.jpg\" class=\"attachment-thumbnail size-thumbnail\" alt=\"\" srcset=\"https:\/\/nosade.com\/wp-content\/uploads\/Souk-Marrakech-Medina-Morocco_Source-NOSADE-150x150.jpg 150w, https:\/\/nosade.com\/wp-content\/uploads\/Souk-Marrakech-Medina-Morocco_Source-NOSADE-640x640.jpg 640w\" sizes=\"(max-width: 150px) 100vw, 150px\" \/><\/a>\n\t\t\t<\/dt><\/dl><dl class='gallery-item'>\n\t\t\t<dt class='gallery-icon landscape'>\n\t\t\t\t<a href='https:\/\/nosade.com\/wp-content\/uploads\/Fresh-nuts-and-dates-Marrakech_Source-Amanda-LaMagna-Livaligned.jpg'><img loading=\"lazy\" decoding=\"async\" width=\"150\" height=\"150\" src=\"https:\/\/nosade.com\/wp-content\/uploads\/Fresh-nuts-and-dates-Marrakech_Source-Amanda-LaMagna-Livaligned-150x150.jpg\" class=\"attachment-thumbnail size-thumbnail\" alt=\"\" \/><\/a>\n\t\t\t<\/dt><\/dl><dl class='gallery-item'>\n\t\t\t<dt class='gallery-icon landscape'>\n\t\t\t\t<a href='https:\/\/nosade.com\/wp-content\/uploads\/Moroccan-spices-Marrakech_Source-NOSADE.jpg'><img loading=\"lazy\" decoding=\"async\" width=\"150\" height=\"150\" src=\"https:\/\/nosade.com\/wp-content\/uploads\/Moroccan-spices-Marrakech_Source-NOSADE-150x150.jpg\" class=\"attachment-thumbnail size-thumbnail\" alt=\"\" \/><\/a>\n\t\t\t<\/dt><\/dl><dl class='gallery-item'>\n\t\t\t<dt class='gallery-icon landscape'>\n\t\t\t\t<a href='https:\/\/nosade.com\/wp-content\/uploads\/Moroccan-tea-and-apples_Source-NOSADE.jpg'><img loading=\"lazy\" decoding=\"async\" width=\"150\" height=\"150\" src=\"https:\/\/nosade.com\/wp-content\/uploads\/Moroccan-tea-and-apples_Source-NOSADE-150x150.jpg\" class=\"attachment-thumbnail size-thumbnail\" alt=\"\" \/><\/a>\n\t\t\t<\/dt><\/dl><br style=\"clear: both\" \/><dl class='gallery-item'>\n\t\t\t<dt class='gallery-icon landscape'>\n\t\t\t\t<a href='https:\/\/nosade.com\/wp-content\/uploads\/NOSADE-Yoga-dachterrasse-marokko_Source-Katbuzz.jpg'><img loading=\"lazy\" decoding=\"async\" width=\"150\" height=\"150\" src=\"https:\/\/nosade.com\/wp-content\/uploads\/NOSADE-Yoga-dachterrasse-marokko_Source-Katbuzz-150x150.jpg\" class=\"attachment-thumbnail size-thumbnail\" alt=\"\" \/><\/a>\n\t\t\t<\/dt><\/dl><dl class='gallery-item'>\n\t\t\t<dt class='gallery-icon landscape'>\n\t\t\t\t<a href='https:\/\/nosade.com\/wp-content\/uploads\/riad-marrakesch-terrasse_Source-Katbuzz.jpg'><img loading=\"lazy\" decoding=\"async\" width=\"150\" height=\"150\" src=\"https:\/\/nosade.com\/wp-content\/uploads\/riad-marrakesch-terrasse_Source-Katbuzz-150x150.jpg\" class=\"attachment-thumbnail size-thumbnail\" alt=\"\" \/><\/a>\n\t\t\t<\/dt><\/dl><dl class='gallery-item'>\n\t\t\t<dt class='gallery-icon landscape'>\n\t\t\t\t<a href='https:\/\/nosade.com\/wp-content\/uploads\/marrakech-food_Source-Katbuzz.jpg'><img loading=\"lazy\" decoding=\"async\" width=\"150\" height=\"150\" src=\"https:\/\/nosade.com\/wp-content\/uploads\/marrakech-food_Source-Katbuzz-150x150.jpg\" class=\"attachment-thumbnail size-thumbnail\" alt=\"\" \/><\/a>\n\t\t\t<\/dt><\/dl><dl class='gallery-item'>\n\t\t\t<dt class='gallery-icon landscape'>\n\t\t\t\t<a href='https:\/\/nosade.com\/wp-content\/uploads\/marrakesch-moschee-details_Source-Katbuzz.jpg'><img loading=\"lazy\" decoding=\"async\" width=\"150\" height=\"150\" src=\"https:\/\/nosade.com\/wp-content\/uploads\/marrakesch-moschee-details_Source-Katbuzz-150x150.jpg\" class=\"attachment-thumbnail size-thumbnail\" alt=\"\" \/><\/a>\n\t\t\t<\/dt><\/dl><dl class='gallery-item'>\n\t\t\t<dt class='gallery-icon landscape'>\n\t\t\t\t<a href='https:\/\/nosade.com\/wp-content\/uploads\/ari_primerandlacquer_in_marrakesch_16.jpg'><img loading=\"lazy\" decoding=\"async\" width=\"150\" height=\"150\" src=\"https:\/\/nosade.com\/wp-content\/uploads\/ari_primerandlacquer_in_marrakesch_16-150x150.jpg\" class=\"attachment-thumbnail size-thumbnail\" alt=\"\" \/><\/a>\n\t\t\t<\/dt><\/dl><br style=\"clear: both\" \/>\n\t\t<\/div>\n\n<h3><strong>Marrakech &#8211;\u00a0Die Perle des S\u00fcdens<\/strong><\/h3>\n\n<p>Individuelle Gruppenbuchungen und individuelle Einzelretreats k\u00f6nnen auf Anfrage zu jeder beliebigen Jahreszeit realisiert werden.<br \/>\nBitte\u00a0<a href=\"http:\/\/nosade.com\/de\/kontakt\/\">kontaktiere<\/a>\u00a0uns f\u00fcr Details!<\/p>\n","protected":false},"excerpt":{"rendered":"<p>Genie\u00dfe Yoga mit einem Blick \u00fcber das magische, historische Marrakech. Tauche ein in eine der ber\u00fchmtesten K\u00f6nigsst\u00e4dte Marokko&#8217;s und lasse Dich von kulinarischen K\u00f6stlichkeiten und in den Souks der Altstadt entf\u00fchren. Genie\u00dfe 5 inspirierende Tage auf einem urbanen Yoga Retreat in Marrakesch mit NOSADE.<\/p>\n","protected":false},"author":1,"featured_media":8963,"comment_status":"closed","ping_status":"closed","sticky":false,"template":"","format":"standard","meta":{"_acf_changed":false,"footnotes":""},"categories":[11],"tags":[],"class_list":["post-646","post","type-post","status-publish","format-standard","has-post-thumbnail","hentry","category-marokko-yoga-retreats"],"acf":[],"yoast_head":"<!-- This site is optimized with the Yoast SEO plugin v26.5 - https:\/\/yoast.com\/wordpress\/plugins\/seo\/ -->\n<title>Yoga Retreat in Marrakesch - NOSADE<\/title>\n<meta name=\"description\" content=\"Genie\u00dfe Yoga mit einem Blick \u00fcber das magische, historische Marrakech. 5 Tage voll von Inspiration, Bewegung und Bewusstsein!\" \/>\n<meta name=\"robots\" content=\"index, follow, max-snippet:-1, max-image-preview:large, max-video-preview:-1\" \/>\n<link rel=\"canonical\" href=\"https:\/\/nosade.com\/de\/yoga-in-marrakech\/\" \/>\n<meta property=\"og:locale\" content=\"de_DE\" \/>\n<meta property=\"og:type\" content=\"article\" \/>\n<meta property=\"og:title\" content=\"Yoga Retreat in Marrakesch - NOSADE\" \/>\n<meta property=\"og:description\" content=\"Genie\u00dfe Yoga mit einem Blick \u00fcber das magische, historische Marrakech. 5 Tage voll von Inspiration, Bewegung und Bewusstsein!\" \/>\n<meta property=\"og:url\" content=\"https:\/\/nosade.com\/de\/yoga-in-marrakech\/\" \/>\n<meta property=\"og:site_name\" content=\"NOSADE\" \/>\n<meta property=\"article:published_time\" content=\"2020-04-11T07:28:40+00:00\" \/>\n<meta property=\"article:modified_time\" content=\"2024-03-21T12:54:35+00:00\" \/>\n<meta property=\"og:image\" content=\"https:\/\/nosade.com\/wp-content\/uploads\/Urban-Marrakech-Yoga-Retreats_Source-Luderwaldt-Photography-for-NOSADE-e1569237180543.jpg\" \/>\n\t<meta property=\"og:image:width\" content=\"1800\" \/>\n\t<meta property=\"og:image:height\" content=\"720\" \/>\n\t<meta property=\"og:image:type\" content=\"image\/jpeg\" \/>\n<meta name=\"author\" content=\"nosade\" \/>\n<meta name=\"twitter:label1\" content=\"Verfasst von\" \/>\n\t<meta name=\"twitter:data1\" content=\"nosade\" \/>\n\t<meta name=\"twitter:label2\" content=\"Gesch\u00e4tzte Lesezeit\" \/>\n\t<meta name=\"twitter:data2\" content=\"2\u00a0Minuten\" \/>\n<script type=\"application\/ld+json\" class=\"yoast-schema-graph\">{\"@context\":\"https:\/\/schema.org\",\"@graph\":[{\"@type\":\"WebPage\",\"@id\":\"https:\/\/nosade.com\/de\/yoga-in-marrakech\/\",\"url\":\"https:\/\/nosade.com\/de\/yoga-in-marrakech\/\",\"name\":\"Yoga Retreat in Marrakesch - NOSADE\",\"isPartOf\":{\"@id\":\"https:\/\/nosade.com\/de\/#website\"},\"primaryImageOfPage\":{\"@id\":\"https:\/\/nosade.com\/de\/yoga-in-marrakech\/#primaryimage\"},\"image\":{\"@id\":\"https:\/\/nosade.com\/de\/yoga-in-marrakech\/#primaryimage\"},\"thumbnailUrl\":\"https:\/\/nosade.com\/wp-content\/uploads\/Urban-Marrakech-Yoga-Retreats_Source-Luderwaldt-Photography-for-NOSADE-e1569237180543.jpg\",\"datePublished\":\"2020-04-11T07:28:40+00:00\",\"dateModified\":\"2024-03-21T12:54:35+00:00\",\"author\":{\"@id\":\"https:\/\/nosade.com\/de\/#\/schema\/person\/3a5e11047087029c7cd54f0a51e6695a\"},\"description\":\"Genie\u00dfe Yoga mit einem Blick \u00fcber das magische, historische Marrakech. 5 Tage voll von Inspiration, Bewegung und Bewusstsein!\",\"breadcrumb\":{\"@id\":\"https:\/\/nosade.com\/de\/yoga-in-marrakech\/#breadcrumb\"},\"inLanguage\":\"de\",\"potentialAction\":[{\"@type\":\"ReadAction\",\"target\":[\"https:\/\/nosade.com\/de\/yoga-in-marrakech\/\"]}]},{\"@type\":\"ImageObject\",\"inLanguage\":\"de\",\"@id\":\"https:\/\/nosade.com\/de\/yoga-in-marrakech\/#primaryimage\",\"url\":\"https:\/\/nosade.com\/wp-content\/uploads\/Urban-Marrakech-Yoga-Retreats_Source-Luderwaldt-Photography-for-NOSADE-e1569237180543.jpg\",\"contentUrl\":\"https:\/\/nosade.com\/wp-content\/uploads\/Urban-Marrakech-Yoga-Retreats_Source-Luderwaldt-Photography-for-NOSADE-e1569237180543.jpg\",\"width\":1800,\"height\":720,\"caption\":\"Urban Marrakech Yoga Retreats_Source Luderwaldt Photography for NOSADE\"},{\"@type\":\"BreadcrumbList\",\"@id\":\"https:\/\/nosade.com\/de\/yoga-in-marrakech\/#breadcrumb\",\"itemListElement\":[{\"@type\":\"ListItem\",\"position\":1,\"name\":\"Home\",\"item\":\"https:\/\/nosade.com\/de\/\"},{\"@type\":\"ListItem\",\"position\":2,\"name\":\"Yoga Retreats\",\"item\":\"https:\/\/nosade.com\/de\/marokko-yoga-retreats\/\"},{\"@type\":\"ListItem\",\"position\":3,\"name\":\"Urban Marrakech Yoga Retreats\"}]},{\"@type\":\"WebSite\",\"@id\":\"https:\/\/nosade.com\/de\/#website\",\"url\":\"https:\/\/nosade.com\/de\/\",\"name\":\"NOSADE\",\"description\":\"Yoga Reisen & Sahara W\u00fcstentouren f\u00fcr Nomadenherzen\",\"potentialAction\":[{\"@type\":\"SearchAction\",\"target\":{\"@type\":\"EntryPoint\",\"urlTemplate\":\"https:\/\/nosade.com\/de\/?s={search_term_string}\"},\"query-input\":{\"@type\":\"PropertyValueSpecification\",\"valueRequired\":true,\"valueName\":\"search_term_string\"}}],\"inLanguage\":\"de\"},{\"@type\":\"Person\",\"@id\":\"https:\/\/nosade.com\/de\/#\/schema\/person\/3a5e11047087029c7cd54f0a51e6695a\",\"name\":\"nosade\",\"image\":{\"@type\":\"ImageObject\",\"inLanguage\":\"de\",\"@id\":\"https:\/\/nosade.com\/de\/#\/schema\/person\/image\/\",\"url\":\"https:\/\/secure.gravatar.com\/avatar\/4beed8cfa39a37428b42f05072eedffb15a830a13cdeebc0e9fff810ca432ae2?s=96&d=mm&r=g\",\"contentUrl\":\"https:\/\/secure.gravatar.com\/avatar\/4beed8cfa39a37428b42f05072eedffb15a830a13cdeebc0e9fff810ca432ae2?s=96&d=mm&r=g\",\"caption\":\"nosade\"},\"url\":\"https:\/\/nosade.com\/de\/author\/nosade\/\"}]}<\/script>\n<!-- \/ Yoast SEO plugin. -->","yoast_head_json":{"title":"Yoga Retreat in Marrakesch - NOSADE","description":"Genie\u00dfe Yoga mit einem Blick \u00fcber das magische, historische Marrakech. 5 Tage voll von Inspiration, Bewegung und Bewusstsein!","robots":{"index":"index","follow":"follow","max-snippet":"max-snippet:-1","max-image-preview":"max-image-preview:large","max-video-preview":"max-video-preview:-1"},"canonical":"https:\/\/nosade.com\/de\/yoga-in-marrakech\/","og_locale":"de_DE","og_type":"article","og_title":"Yoga Retreat in Marrakesch - NOSADE","og_description":"Genie\u00dfe Yoga mit einem Blick \u00fcber das magische, historische Marrakech. 5 Tage voll von Inspiration, Bewegung und Bewusstsein!","og_url":"https:\/\/nosade.com\/de\/yoga-in-marrakech\/","og_site_name":"NOSADE","article_published_time":"2020-04-11T07:28:40+00:00","article_modified_time":"2024-03-21T12:54:35+00:00","og_image":[{"width":1800,"height":720,"url":"https:\/\/nosade.com\/wp-content\/uploads\/Urban-Marrakech-Yoga-Retreats_Source-Luderwaldt-Photography-for-NOSADE-e1569237180543.jpg","type":"image\/jpeg"}],"author":"nosade","twitter_misc":{"Verfasst von":"nosade","Gesch\u00e4tzte Lesezeit":"2\u00a0Minuten"},"schema":{"@context":"https:\/\/schema.org","@graph":[{"@type":"WebPage","@id":"https:\/\/nosade.com\/de\/yoga-in-marrakech\/","url":"https:\/\/nosade.com\/de\/yoga-in-marrakech\/","name":"Yoga Retreat in Marrakesch - NOSADE","isPartOf":{"@id":"https:\/\/nosade.com\/de\/#website"},"primaryImageOfPage":{"@id":"https:\/\/nosade.com\/de\/yoga-in-marrakech\/#primaryimage"},"image":{"@id":"https:\/\/nosade.com\/de\/yoga-in-marrakech\/#primaryimage"},"thumbnailUrl":"https:\/\/nosade.com\/wp-content\/uploads\/Urban-Marrakech-Yoga-Retreats_Source-Luderwaldt-Photography-for-NOSADE-e1569237180543.jpg","datePublished":"2020-04-11T07:28:40+00:00","dateModified":"2024-03-21T12:54:35+00:00","author":{"@id":"https:\/\/nosade.com\/de\/#\/schema\/person\/3a5e11047087029c7cd54f0a51e6695a"},"description":"Genie\u00dfe Yoga mit einem Blick \u00fcber das magische, historische Marrakech. 5 Tage voll von Inspiration, Bewegung und Bewusstsein!","breadcrumb":{"@id":"https:\/\/nosade.com\/de\/yoga-in-marrakech\/#breadcrumb"},"inLanguage":"de","potentialAction":[{"@type":"ReadAction","target":["https:\/\/nosade.com\/de\/yoga-in-marrakech\/"]}]},{"@type":"ImageObject","inLanguage":"de","@id":"https:\/\/nosade.com\/de\/yoga-in-marrakech\/#primaryimage","url":"https:\/\/nosade.com\/wp-content\/uploads\/Urban-Marrakech-Yoga-Retreats_Source-Luderwaldt-Photography-for-NOSADE-e1569237180543.jpg","contentUrl":"https:\/\/nosade.com\/wp-content\/uploads\/Urban-Marrakech-Yoga-Retreats_Source-Luderwaldt-Photography-for-NOSADE-e1569237180543.jpg","width":1800,"height":720,"caption":"Urban Marrakech Yoga Retreats_Source Luderwaldt Photography for NOSADE"},{"@type":"BreadcrumbList","@id":"https:\/\/nosade.com\/de\/yoga-in-marrakech\/#breadcrumb","itemListElement":[{"@type":"ListItem","position":1,"name":"Home","item":"https:\/\/nosade.com\/de\/"},{"@type":"ListItem","position":2,"name":"Yoga Retreats","item":"https:\/\/nosade.com\/de\/marokko-yoga-retreats\/"},{"@type":"ListItem","position":3,"name":"Urban Marrakech Yoga Retreats"}]},{"@type":"WebSite","@id":"https:\/\/nosade.com\/de\/#website","url":"https:\/\/nosade.com\/de\/","name":"NOSADE","description":"Yoga Reisen & Sahara W\u00fcstentouren f\u00fcr Nomadenherzen","potentialAction":[{"@type":"SearchAction","target":{"@type":"EntryPoint","urlTemplate":"https:\/\/nosade.com\/de\/?s={search_term_string}"},"query-input":{"@type":"PropertyValueSpecification","valueRequired":true,"valueName":"search_term_string"}}],"inLanguage":"de"},{"@type":"Person","@id":"https:\/\/nosade.com\/de\/#\/schema\/person\/3a5e11047087029c7cd54f0a51e6695a","name":"nosade","image":{"@type":"ImageObject","inLanguage":"de","@id":"https:\/\/nosade.com\/de\/#\/schema\/person\/image\/","url":"https:\/\/secure.gravatar.com\/avatar\/4beed8cfa39a37428b42f05072eedffb15a830a13cdeebc0e9fff810ca432ae2?s=96&d=mm&r=g","contentUrl":"https:\/\/secure.gravatar.com\/avatar\/4beed8cfa39a37428b42f05072eedffb15a830a13cdeebc0e9fff810ca432ae2?s=96&d=mm&r=g","caption":"nosade"},"url":"https:\/\/nosade.com\/de\/author\/nosade\/"}]}},"_links":{"self":[{"href":"https:\/\/nosade.com\/de\/wp-json\/wp\/v2\/posts\/646","targetHints":{"allow":["GET"]}}],"collection":[{"href":"https:\/\/nosade.com\/de\/wp-json\/wp\/v2\/posts"}],"about":[{"href":"https:\/\/nosade.com\/de\/wp-json\/wp\/v2\/types\/post"}],"author":[{"embeddable":true,"href":"https:\/\/nosade.com\/de\/wp-json\/wp\/v2\/users\/1"}],"replies":[{"embeddable":true,"href":"https:\/\/nosade.com\/de\/wp-json\/wp\/v2\/comments?post=646"}],"version-history":[{"count":9,"href":"https:\/\/nosade.com\/de\/wp-json\/wp\/v2\/posts\/646\/revisions"}],"predecessor-version":[{"id":19960,"href":"https:\/\/nosade.com\/de\/wp-json\/wp\/v2\/posts\/646\/revisions\/19960"}],"wp:featuredmedia":[{"embeddable":true,"href":"https:\/\/nosade.com\/de\/wp-json\/wp\/v2\/media\/8963"}],"wp:attachment":[{"href":"https:\/\/nosade.com\/de\/wp-json\/wp\/v2\/media?parent=646"}],"wp:term":[{"taxonomy":"category","embeddable":true,"href":"https:\/\/nosade.com\/de\/wp-json\/wp\/v2\/categories?post=646"},{"taxonomy":"post_tag","embeddable":true,"href":"https:\/\/nosade.com\/de\/wp-json\/wp\/v2\/tags?post=646"}],"curies":[{"name":"wp","href":"https:\/\/api.w.org\/{rel}","templated":true}]}}