{"id":2539,"date":"2016-07-24T17:45:34","date_gmt":"2016-07-24T15:45:34","guid":{"rendered":"http:\/\/nosade.com\/de\/?p=2539"},"modified":"2018-01-20T19:53:44","modified_gmt":"2018-01-20T18:53:44","slug":"vom-dancefloor-auf-die-yoga-matte-victor-thiele-im-portraet","status":"publish","type":"post","link":"https:\/\/nosade.com\/de\/vom-dancefloor-auf-die-yoga-matte-victor-thiele-im-portraet\/","title":{"rendered":"Vom Dancefloor auf die Yoga-Matte: Victor Thiele im Portr\u00e4t"},"content":{"rendered":"<p><strong>Victor Thiele, 43,\u00a0<\/strong>war fr\u00fcher ein typisches Techno-Kid, jobbte in einem Skaterladen, arbeitete als Retailstoremanager, dann als Model in\u00a0Berlin.\u00a0Heute ist Victor Yogalehrer, immer noch in Berlin, wo er zwei Yoga-Studios unter dem Namen\u00a0<a href=\"http:\/\/www.yfdberlin.com\/\" target=\"_blank\">yogaf\u00fcrdich<\/a>\u00a0betreibt.<\/p>\n<p><a href=\"https:\/\/nosade.com\/wp-content\/uploads\/Team-Lehrer-Victor-Thiele_Source-NOSADE.jpg\"><img loading=\"lazy\" decoding=\"async\" class=\"alignnone wp-image-828 size-full\" src=\"https:\/\/nosade.com\/wp-content\/uploads\/Team-Lehrer-Victor-Thiele_Source-NOSADE.jpg\" alt=\"Team Lehrer Victor Thiele_Source NOSADE\" width=\"720\" height=\"960\" srcset=\"https:\/\/nosade.com\/wp-content\/uploads\/Team-Lehrer-Victor-Thiele_Source-NOSADE.jpg 720w, https:\/\/nosade.com\/wp-content\/uploads\/Team-Lehrer-Victor-Thiele_Source-NOSADE-225x300.jpg 225w, https:\/\/nosade.com\/wp-content\/uploads\/Team-Lehrer-Victor-Thiele_Source-NOSADE-540x720.jpg 540w\" sizes=\"(max-width: 720px) 100vw, 720px\" \/><\/a><\/p>\n<p><strong><br \/>\nVictor, was hat dich auf die Matte verschlagen?<\/strong><\/p>\n<p>Anfang 2000 habe ich in einem Fitness Studio Yoga ausprobiert, war begeistert und habe einfach weitergemacht. Durch viel Stress im Job als Storemanager einer italienischen Jeansmarke habe ich angefangen zu meditieren und ich merkte schon nach einigen Tagen, dass es mir mental viel besser ging.<\/p>\n<p>Nach dieser jahrelangen T\u00e4tigkeit am Ku\u2019damm wurde mir eine Ausbildung zum Sport- &amp; Fitnesskaufmann vom Arbeitsamt finanziert. Dadurch ging ich f\u00fcr ein halbes Jahr zu Yoga Vidya, einem Seminarhaus in Bad Meinberg. Dort absolvierte ich ein Praktikum und kam das erste Mal in den Genuss regelm\u00e4\u00dfig Yoga und Meditation zu praktizieren. W\u00e4hrend meines Aufenthalts dort habe meine erste Yoga Trainer Ausbildung bei Yogihari aus Florida besucht.<\/p>\n<p><strong>Wann war dir klar, dass du wirklich unterrichten willst?\u00a0<\/strong><\/p>\n<p>Schon w\u00e4hrend der Ausbildung. Nach meinem Abschluss habe ich angefangen, in einem Wellness-Studio zu unterrichten und habe Freunde und Bekannte privat unterrichtet. Bereits damals war das Interesse an Yoga riesig.<\/p>\n<p>Nach dem ich zwei Jahre auf Mallorca gelebt habe, fing ich in Berlin an, in Fitness-Studios Yoga zu unterrichten. Mir wurde schnell bewusst, dass ich mit meiner ersten Ausbildung zum Yoga Trainer schnell an meine Wissensgrenzen stie\u00df, denn viele der \u00dcbenden hatten k\u00f6rperliche Probleme und Einschr\u00e4nkungen, auf die ich nicht eingestellt war. Aus diesem Grund habe ich mich intensiv mit Anusara Yoga besch\u00e4ftigt, um mich in Sachen Ausrichtung von Knochen, Gelenken, Muskeln in den Yoga-Posen weiter zu qualifizieren. 2006 lernte ich Patricia Thielemann von Spirit Yoga kennen, nachdem ich oft von Adam Rice (ebenfalls Spirit Yoga) unterrichtet wurde. 2006\/2007 habe ich dort die 200 Stunden Spirit Yoga Ausbildung absolviert, weitere Zusatzausbildungen im Bereich Yoga und Meditation kamen dazu.<\/p>\n<p><strong>Offensichtlich hast du das yogische Motto \u201eGo with the Flow\u201c schon immer ein St\u00fcck weit befolgt. Wo hat es dich danach hingesp\u00fclt?\u00a0<\/strong><\/p>\n<p>Hingesp\u00fclt w\u00fcrde ich das nicht nennen. Nachdem ich mich entschieden hatte, meinen Lebensunterhalt mit der Yogalehrert\u00e4tigkeit zu verdienen, merkte ich schnell, dass ich einen gr\u00f6\u00dferen Plan brauche, um davon leben zu k\u00f6nnen. Also habe ich ganz klassisch angefangen, in einem gemieteten Yoga-Raum eigene Klassen zu unterrichten. Dass zu der ersten Yogastunde dort gleich 15 Leute kamen, hat mich total \u00fcberrascht. Ich kann mich noch gut erinnern, dass ich im M\u00e4rz 2004 im Schneeregen durch die Strassen Kreuzbergs lief und meine Flyer verteilt habe. Damals haben sich andere Yogalehrer-Kollegen immer \u00fcber mich lustig gemacht, wegen der Flyer. Aber ich hab\u2019 einfach immer weiter verteilt.<\/p>\n<p>Im Laufe der Zeit kamen weitere Stunden, Tage, R\u00e4umlichkeiten dazu. Nach ein paar Jahren nahm ich dann noch andere Lehrer\/innen mit ins Boot. yogaf\u00fcrdich wurde stetig gr\u00f6\u00dfer und bekannter und so war es eine nat\u00fcrliche Entwicklung, eigene Studios zu er\u00f6ffnen.<\/p>\n<p><strong>Inzwischen hast du zwei Studios in Berlin, eins in Kreuzberg und eins in Friedrichshain. Hand auf\u2019s Herz, bist du ein bisschen stolz darauf?<\/strong><\/p>\n<p>Mit dem Stolz ist das so eine Sache&#8230; Was ich sagen kann ist, dass ich sehr dankbar f\u00fcr diese Entwicklung bin. Und besonders den vielen Yogis, die\u00a0<a href=\"http:\/\/www.yfdberlin.com\/\" target=\"_blank\">yogaf\u00fcrdich<\/a>\u00a0\u00fcber die Jahre treu geblieben sind.<\/p>\n<p><a href=\"http:\/\/www.yfdberlin.com\/\" target=\"_blank\"><img decoding=\"async\" src=\"http:\/\/resources.mynewsdesk.com\/image\/upload\/t_limit_1000\/nf4p44zfhmmscmfwcq7a.jpg\" alt=\"yfd Studio Friedrichshain\" \/><\/a><a href=\"http:\/\/www.yfdberlin.com\/\" target=\"_blank\"><img decoding=\"async\" src=\"http:\/\/resources.mynewsdesk.com\/image\/upload\/t_limit_1000\/xoxjkcyacztb0nxjvres.jpg\" alt=\"yfd Studio Kreuzberg\" \/><\/a><\/p>\n<p><strong><br \/>\nDu hast zusammen mit deiner Kollegin Katja Hartmann das erste W\u00fcsten-Retreat der ersten Saison f\u00fcr NOSADE unterrichtet. Was macht ein Retreat f\u00fcr dich aus und was sind die f\u00fcnf Punkte, die du von diesem Retreat f\u00fcr dich mitnimmst?<\/strong><\/p>\n<p>Yoga-Retreats sind etwas ganz besonderes. 5 Tage in der W\u00fcste ohne Internet und Telefon, da lernen sich Sch\u00fcler und Lehrer noch mal ganz anders und viel intensiver kennen. In all der Zeit konnte ich mein Wissen aus der Yogawelt weitergeben und auch Erfahrungen aus anderen Lebensbereichen teilen, aber auch die Yogis und deren Motivationen Yoga zu \u00fcben besser verstehen \u2013 das ist einfach was sehr sch\u00f6nes!<\/p>\n<p>Was ich von unserem W\u00fcsten-Retreat mitnehme:<\/p>\n<p>1.\u00a0<strong>Das Empfinden von Stille und Wind<\/strong>. Beides fand ich in der W\u00fcste super angenehm und anders, obwohl mein R\u00fcckzugsort hier in Berlin auch sehr ruhig und still ist.<\/p>\n<p>2.\u00a0<strong>Dankbarkeit<\/strong>\u00a0f\u00fcr flie\u00dfend Wasser und Strom. Und hohe Decken &#8211; damit ich nicht st\u00e4ndig meinen Kopf sto\u00dfe (Victor mit seinen 1,86 m lacht)<\/p>\n<p>3.\u00a0<strong>Wertsch\u00e4tzung<\/strong>\u00a0gegen\u00fcber so vielen Dingen, die wir haben und nutzen k\u00f6nnen und eine relativierte Sicht, in welchem Luxus wir eigentlich in Deutschland leben. Uns geht es hier echt gut!<\/p>\n<p>4.\u00a0<strong>Vertrauen<\/strong>. Ich habe mich w\u00e4hrend der gesamte Reise von Marrakesch \u00fcber den Hohen Atlas bis in die W\u00fcste und zur\u00fcck super betreut und sicher aufgehoben gef\u00fchlt.<\/p>\n<p>5. Eine wieder erneuerte\u00a0<strong>Routine<\/strong>: das fr\u00fche Aufstehen, regelm\u00e4\u00dfige Morgenpraxis und die Erkenntnis, dass eine Mischung aus Yin- &amp; Power Yoga und Crossfit einfach das beste f\u00fcr mich und meine Gesundheit ist. Das kann ich nur weiter empfehlen.<\/p>\n<p><img decoding=\"async\" src=\"http:\/\/resources.mynewsdesk.com\/image\/upload\/t_limit_1000\/jttuzzbmagwfvbjvzi0a.jpg\" \/><\/p>\n<p><strong><br \/>\nWie oft unterrichtest du Yoga-Retreats?\u00a0<\/strong><\/p>\n<p>Ich habe keine feste Anzahl, das ist von Jahr zu Jahr unterschiedlich \u2013 du wei\u00dft ja, \u201ego with the flow und so\u201c (lacht). Im Ernst: letztes Jahr habe ich zwei Retreats unterrichtet, dieses Jahr vier. Ende Oktober geht\u2019s wieder mit NOSADE nach Marokko zum Yoga-Surf Retreat, darauf freue ich mich besonders.<\/p>\n<p><strong>Verrate uns zum Schluss etwas, was uns sicher \u00fcberrascht \ud83d\ude09\u00a0<\/strong><\/p>\n<p>Ganz ehrlich: ich war als Teilnehmer noch nie auf einem Retreat.<\/p>\n<p><strong>Welchen Rat m\u00f6chtest du uns und unseren Lesern mit auf den Weg in jeden neuen Tag geben?<\/strong><\/p>\n<p>Wertsch\u00e4tzung und Dankbarkeit f\u00fcr das, was wir hier haben, die Menschen, die uns umgeben und wie wir hier in Deutschland leben k\u00f6nnen, wie viele M\u00f6glichkeiten uns das Leben gibt.Denn ich begreife meine Arbeit auch als Karma &amp; Bhakti-Yoga, das l\u00e4uft nat\u00fcrlich im Hintergrund, ist jedoch mein Motor immer etwas mehr zu geben, als ich eigentlich m\u00fcsste. Ich bin sehr Gott\u00a0verbunden und sehr dankbar. Dankbarkeit ist f\u00fcr mich eine Antriebsfeder, die mir immer wieder hilft, vorw\u00e4rts zu gehen, Dinge anzusto\u00dfen und Projekte weiterzuverfolgen.<\/p>\n<p>Und noch einen Hinweis m\u00f6chte ich geben: Aus eigener Erfahrung und auch aus dem Berichten von anderen Yogis, die nach einer Unterbrechung der Yoga Praxis nur schwer wieder zur\u00fcck auf die Matte finden: Lasst euch von destruktiven Gedanken nicht entmutigen. Gelebte Yogapraxis ist auch, immer wieder neu anzufangen. Der normale Gedankengang nach l\u00e4ngerer Yoga-Abstinenz ist: Oh Gott, wie sehr habe ich Yoga vermisst!<\/p>\n<p><img decoding=\"async\" src=\"http:\/\/resources.mynewsdesk.com\/image\/upload\/t_limit_1000\/lggv4afsu0vzpkeicqao.jpg\" \/><\/p>\n<p><strong><br \/>\nDanke, Victor, f\u00fcr das Interview und f\u00fcr Deine Unterst\u00fctzung. Danke f\u00fcr Deine so erfrischende Lockerheit und Deinen zauberhaften Humor, mit dem Du uns beschenkst &#8211; auf unseren Reisen und als Yogalehrer<\/strong>\u00a0\u2764<\/p>\n<p>Wir freuen uns auf die Reise mit Dir und einer tollen Gruppe vom\u00a0<a href=\"http:\/\/nosade.com\/de\/surf-yoga-retreat-marokko-oktober\/\" target=\"_blank\">25. Oktober &#8211; 1. November 2016<\/a>!<br \/>\nHier gibts alle Infos zur Reise:\u00a0<a href=\"http:\/\/nosade.com\/de\/surf-yoga-retreat-marokko-oktober\/\" target=\"_blank\">http:\/\/nosade.com\/de\/surf-yoga-retreat-marokko-oktober\/<\/a><\/p>\n<p>\u00a9 Katrin Witt &amp; Victor Thiele f\u00fcr NOSADE 2016<\/p>\n","protected":false},"excerpt":{"rendered":"<p>Victor war fr\u00fcher ein typisches Techno-Kid, jobbte in einem Skaterladen, arbeitete als Retailstoremanager, dann als Model in Berlin. Heute ist Victor Yogalehrer, immer noch in Berlin, wo er zwei Yoga-Studios unter dem Namen yogaf\u00fcrdich betreibt.<br \/>\nVictor ist Gastlehrer der ersten Stunde bei NOSADE auf unseren Yogareisen nach Marokko. Dieses Jahr begleitet er das Yoga-Surf-Retreat im Oktober.<\/p>\n","protected":false},"author":1,"featured_media":2540,"comment_status":"closed","ping_status":"closed","sticky":false,"template":"","format":"standard","meta":{"_acf_changed":false,"footnotes":""},"categories":[44,55],"tags":[],"class_list":["post-2539","post","type-post","status-publish","format-standard","has-post-thumbnail","hentry","category-alles-ueber-nosade","category-entdecken"],"acf":[],"yoast_head":"<!-- This site is optimized with the Yoast SEO plugin v26.5 - https:\/\/yoast.com\/wordpress\/plugins\/seo\/ -->\n<title>Vom Dancefloor auf die Yoga-Matte: Victor Thiele im Portr\u00e4t - NOSADE<\/title>\n<meta name=\"description\" content=\"Victor war fr\u00fcher ein typisches Techno-Kid, jobbte in einem Skaterladen, arbeitete als Retailstoremanager, dann als Model in Berlin. Heute ist Victor Yogalehrer, immer noch in Berlin, wo er zwei Yoga-Studios unter dem Namen yogaf\u00fcrdich betreibt. Victor ist Gastlehrer der ersten Stunde bei NOSADE auf unseren Yogareisen nach Marokko. Dieses Jahr begleitet er das Yoga-Surf-Retreat im Oktober.\" \/>\n<meta name=\"robots\" content=\"index, follow, max-snippet:-1, max-image-preview:large, max-video-preview:-1\" \/>\n<link rel=\"canonical\" href=\"https:\/\/nosade.com\/de\/vom-dancefloor-auf-die-yoga-matte-victor-thiele-im-portraet\/\" \/>\n<meta property=\"og:locale\" content=\"de_DE\" \/>\n<meta property=\"og:type\" content=\"article\" \/>\n<meta property=\"og:title\" content=\"Vom Dancefloor auf die Yoga-Matte: Victor Thiele im Portr\u00e4t - NOSADE\" \/>\n<meta property=\"og:description\" content=\"Victor war fr\u00fcher ein typisches Techno-Kid, jobbte in einem Skaterladen, arbeitete als Retailstoremanager, dann als Model in Berlin. Heute ist Victor Yogalehrer, immer noch in Berlin, wo er zwei Yoga-Studios unter dem Namen yogaf\u00fcrdich betreibt. Victor ist Gastlehrer der ersten Stunde bei NOSADE auf unseren Yogareisen nach Marokko. Dieses Jahr begleitet er das Yoga-Surf-Retreat im Oktober.\" \/>\n<meta property=\"og:url\" content=\"https:\/\/nosade.com\/de\/vom-dancefloor-auf-die-yoga-matte-victor-thiele-im-portraet\/\" \/>\n<meta property=\"og:site_name\" content=\"NOSADE\" \/>\n<meta property=\"article:published_time\" content=\"2016-07-24T15:45:34+00:00\" \/>\n<meta property=\"article:modified_time\" content=\"2018-01-20T18:53:44+00:00\" \/>\n<meta property=\"og:image\" content=\"https:\/\/nosade.com\/wp-content\/uploads\/Victor-Thiele-f\u00fcr-NOSADE_Source-yogaf\u00fcrdich.jpg\" \/>\n\t<meta property=\"og:image:width\" content=\"1800\" \/>\n\t<meta property=\"og:image:height\" content=\"720\" \/>\n\t<meta property=\"og:image:type\" content=\"image\/jpeg\" \/>\n<meta name=\"author\" content=\"nosade\" \/>\n<meta name=\"twitter:label1\" content=\"Verfasst von\" \/>\n\t<meta name=\"twitter:data1\" content=\"nosade\" \/>\n\t<meta name=\"twitter:label2\" content=\"Gesch\u00e4tzte Lesezeit\" \/>\n\t<meta name=\"twitter:data2\" content=\"6\u00a0Minuten\" \/>\n<script type=\"application\/ld+json\" class=\"yoast-schema-graph\">{\"@context\":\"https:\/\/schema.org\",\"@graph\":[{\"@type\":\"WebPage\",\"@id\":\"https:\/\/nosade.com\/de\/vom-dancefloor-auf-die-yoga-matte-victor-thiele-im-portraet\/\",\"url\":\"https:\/\/nosade.com\/de\/vom-dancefloor-auf-die-yoga-matte-victor-thiele-im-portraet\/\",\"name\":\"Vom Dancefloor auf die Yoga-Matte: Victor Thiele im Portr\u00e4t - NOSADE\",\"isPartOf\":{\"@id\":\"https:\/\/nosade.com\/de\/#website\"},\"primaryImageOfPage\":{\"@id\":\"https:\/\/nosade.com\/de\/vom-dancefloor-auf-die-yoga-matte-victor-thiele-im-portraet\/#primaryimage\"},\"image\":{\"@id\":\"https:\/\/nosade.com\/de\/vom-dancefloor-auf-die-yoga-matte-victor-thiele-im-portraet\/#primaryimage\"},\"thumbnailUrl\":\"https:\/\/nosade.com\/wp-content\/uploads\/Victor-Thiele-f\u00fcr-NOSADE_Source-yogaf\u00fcrdich.jpg\",\"datePublished\":\"2016-07-24T15:45:34+00:00\",\"dateModified\":\"2018-01-20T18:53:44+00:00\",\"author\":{\"@id\":\"https:\/\/nosade.com\/de\/#\/schema\/person\/3a5e11047087029c7cd54f0a51e6695a\"},\"description\":\"Victor war fr\u00fcher ein typisches Techno-Kid, jobbte in einem Skaterladen, arbeitete als Retailstoremanager, dann als Model in Berlin. Heute ist Victor Yogalehrer, immer noch in Berlin, wo er zwei Yoga-Studios unter dem Namen yogaf\u00fcrdich betreibt. Victor ist Gastlehrer der ersten Stunde bei NOSADE auf unseren Yogareisen nach Marokko. Dieses Jahr begleitet er das Yoga-Surf-Retreat im Oktober.\",\"breadcrumb\":{\"@id\":\"https:\/\/nosade.com\/de\/vom-dancefloor-auf-die-yoga-matte-victor-thiele-im-portraet\/#breadcrumb\"},\"inLanguage\":\"de\",\"potentialAction\":[{\"@type\":\"ReadAction\",\"target\":[\"https:\/\/nosade.com\/de\/vom-dancefloor-auf-die-yoga-matte-victor-thiele-im-portraet\/\"]}]},{\"@type\":\"ImageObject\",\"inLanguage\":\"de\",\"@id\":\"https:\/\/nosade.com\/de\/vom-dancefloor-auf-die-yoga-matte-victor-thiele-im-portraet\/#primaryimage\",\"url\":\"https:\/\/nosade.com\/wp-content\/uploads\/Victor-Thiele-f\u00fcr-NOSADE_Source-yogaf\u00fcrdich.jpg\",\"contentUrl\":\"https:\/\/nosade.com\/wp-content\/uploads\/Victor-Thiele-f\u00fcr-NOSADE_Source-yogaf\u00fcrdich.jpg\",\"width\":1800,\"height\":720,\"caption\":\"Victor Thiele f\u00fcr NOSADE_Source yogaf\u00fcrdich\"},{\"@type\":\"BreadcrumbList\",\"@id\":\"https:\/\/nosade.com\/de\/vom-dancefloor-auf-die-yoga-matte-victor-thiele-im-portraet\/#breadcrumb\",\"itemListElement\":[{\"@type\":\"ListItem\",\"position\":1,\"name\":\"Home\",\"item\":\"https:\/\/nosade.com\/de\/\"},{\"@type\":\"ListItem\",\"position\":2,\"name\":\"Alles \u00dcber Nosade\",\"item\":\"https:\/\/nosade.com\/de\/alles-ueber-nosade\/\"},{\"@type\":\"ListItem\",\"position\":3,\"name\":\"Vom Dancefloor auf die Yoga-Matte: Victor Thiele im Portr\u00e4t\"}]},{\"@type\":\"WebSite\",\"@id\":\"https:\/\/nosade.com\/de\/#website\",\"url\":\"https:\/\/nosade.com\/de\/\",\"name\":\"NOSADE\",\"description\":\"Yoga Reisen & Sahara W\u00fcstentouren f\u00fcr Nomadenherzen\",\"potentialAction\":[{\"@type\":\"SearchAction\",\"target\":{\"@type\":\"EntryPoint\",\"urlTemplate\":\"https:\/\/nosade.com\/de\/?s={search_term_string}\"},\"query-input\":{\"@type\":\"PropertyValueSpecification\",\"valueRequired\":true,\"valueName\":\"search_term_string\"}}],\"inLanguage\":\"de\"},{\"@type\":\"Person\",\"@id\":\"https:\/\/nosade.com\/de\/#\/schema\/person\/3a5e11047087029c7cd54f0a51e6695a\",\"name\":\"nosade\",\"image\":{\"@type\":\"ImageObject\",\"inLanguage\":\"de\",\"@id\":\"https:\/\/nosade.com\/de\/#\/schema\/person\/image\/\",\"url\":\"https:\/\/secure.gravatar.com\/avatar\/4beed8cfa39a37428b42f05072eedffb15a830a13cdeebc0e9fff810ca432ae2?s=96&d=mm&r=g\",\"contentUrl\":\"https:\/\/secure.gravatar.com\/avatar\/4beed8cfa39a37428b42f05072eedffb15a830a13cdeebc0e9fff810ca432ae2?s=96&d=mm&r=g\",\"caption\":\"nosade\"},\"url\":\"https:\/\/nosade.com\/de\/author\/nosade\/\"}]}<\/script>\n<!-- \/ Yoast SEO plugin. -->","yoast_head_json":{"title":"Vom Dancefloor auf die Yoga-Matte: Victor Thiele im Portr\u00e4t - NOSADE","description":"Victor war fr\u00fcher ein typisches Techno-Kid, jobbte in einem Skaterladen, arbeitete als Retailstoremanager, dann als Model in Berlin. Heute ist Victor Yogalehrer, immer noch in Berlin, wo er zwei Yoga-Studios unter dem Namen yogaf\u00fcrdich betreibt. Victor ist Gastlehrer der ersten Stunde bei NOSADE auf unseren Yogareisen nach Marokko. Dieses Jahr begleitet er das Yoga-Surf-Retreat im Oktober.","robots":{"index":"index","follow":"follow","max-snippet":"max-snippet:-1","max-image-preview":"max-image-preview:large","max-video-preview":"max-video-preview:-1"},"canonical":"https:\/\/nosade.com\/de\/vom-dancefloor-auf-die-yoga-matte-victor-thiele-im-portraet\/","og_locale":"de_DE","og_type":"article","og_title":"Vom Dancefloor auf die Yoga-Matte: Victor Thiele im Portr\u00e4t - NOSADE","og_description":"Victor war fr\u00fcher ein typisches Techno-Kid, jobbte in einem Skaterladen, arbeitete als Retailstoremanager, dann als Model in Berlin. Heute ist Victor Yogalehrer, immer noch in Berlin, wo er zwei Yoga-Studios unter dem Namen yogaf\u00fcrdich betreibt. Victor ist Gastlehrer der ersten Stunde bei NOSADE auf unseren Yogareisen nach Marokko. Dieses Jahr begleitet er das Yoga-Surf-Retreat im Oktober.","og_url":"https:\/\/nosade.com\/de\/vom-dancefloor-auf-die-yoga-matte-victor-thiele-im-portraet\/","og_site_name":"NOSADE","article_published_time":"2016-07-24T15:45:34+00:00","article_modified_time":"2018-01-20T18:53:44+00:00","og_image":[{"width":1800,"height":720,"url":"https:\/\/nosade.com\/wp-content\/uploads\/Victor-Thiele-f\u00fcr-NOSADE_Source-yogaf\u00fcrdich.jpg","type":"image\/jpeg"}],"author":"nosade","twitter_misc":{"Verfasst von":"nosade","Gesch\u00e4tzte Lesezeit":"6\u00a0Minuten"},"schema":{"@context":"https:\/\/schema.org","@graph":[{"@type":"WebPage","@id":"https:\/\/nosade.com\/de\/vom-dancefloor-auf-die-yoga-matte-victor-thiele-im-portraet\/","url":"https:\/\/nosade.com\/de\/vom-dancefloor-auf-die-yoga-matte-victor-thiele-im-portraet\/","name":"Vom Dancefloor auf die Yoga-Matte: Victor Thiele im Portr\u00e4t - NOSADE","isPartOf":{"@id":"https:\/\/nosade.com\/de\/#website"},"primaryImageOfPage":{"@id":"https:\/\/nosade.com\/de\/vom-dancefloor-auf-die-yoga-matte-victor-thiele-im-portraet\/#primaryimage"},"image":{"@id":"https:\/\/nosade.com\/de\/vom-dancefloor-auf-die-yoga-matte-victor-thiele-im-portraet\/#primaryimage"},"thumbnailUrl":"https:\/\/nosade.com\/wp-content\/uploads\/Victor-Thiele-f\u00fcr-NOSADE_Source-yogaf\u00fcrdich.jpg","datePublished":"2016-07-24T15:45:34+00:00","dateModified":"2018-01-20T18:53:44+00:00","author":{"@id":"https:\/\/nosade.com\/de\/#\/schema\/person\/3a5e11047087029c7cd54f0a51e6695a"},"description":"Victor war fr\u00fcher ein typisches Techno-Kid, jobbte in einem Skaterladen, arbeitete als Retailstoremanager, dann als Model in Berlin. Heute ist Victor Yogalehrer, immer noch in Berlin, wo er zwei Yoga-Studios unter dem Namen yogaf\u00fcrdich betreibt. Victor ist Gastlehrer der ersten Stunde bei NOSADE auf unseren Yogareisen nach Marokko. Dieses Jahr begleitet er das Yoga-Surf-Retreat im Oktober.","breadcrumb":{"@id":"https:\/\/nosade.com\/de\/vom-dancefloor-auf-die-yoga-matte-victor-thiele-im-portraet\/#breadcrumb"},"inLanguage":"de","potentialAction":[{"@type":"ReadAction","target":["https:\/\/nosade.com\/de\/vom-dancefloor-auf-die-yoga-matte-victor-thiele-im-portraet\/"]}]},{"@type":"ImageObject","inLanguage":"de","@id":"https:\/\/nosade.com\/de\/vom-dancefloor-auf-die-yoga-matte-victor-thiele-im-portraet\/#primaryimage","url":"https:\/\/nosade.com\/wp-content\/uploads\/Victor-Thiele-f\u00fcr-NOSADE_Source-yogaf\u00fcrdich.jpg","contentUrl":"https:\/\/nosade.com\/wp-content\/uploads\/Victor-Thiele-f\u00fcr-NOSADE_Source-yogaf\u00fcrdich.jpg","width":1800,"height":720,"caption":"Victor Thiele f\u00fcr NOSADE_Source yogaf\u00fcrdich"},{"@type":"BreadcrumbList","@id":"https:\/\/nosade.com\/de\/vom-dancefloor-auf-die-yoga-matte-victor-thiele-im-portraet\/#breadcrumb","itemListElement":[{"@type":"ListItem","position":1,"name":"Home","item":"https:\/\/nosade.com\/de\/"},{"@type":"ListItem","position":2,"name":"Alles \u00dcber Nosade","item":"https:\/\/nosade.com\/de\/alles-ueber-nosade\/"},{"@type":"ListItem","position":3,"name":"Vom Dancefloor auf die Yoga-Matte: Victor Thiele im Portr\u00e4t"}]},{"@type":"WebSite","@id":"https:\/\/nosade.com\/de\/#website","url":"https:\/\/nosade.com\/de\/","name":"NOSADE","description":"Yoga Reisen & Sahara W\u00fcstentouren f\u00fcr Nomadenherzen","potentialAction":[{"@type":"SearchAction","target":{"@type":"EntryPoint","urlTemplate":"https:\/\/nosade.com\/de\/?s={search_term_string}"},"query-input":{"@type":"PropertyValueSpecification","valueRequired":true,"valueName":"search_term_string"}}],"inLanguage":"de"},{"@type":"Person","@id":"https:\/\/nosade.com\/de\/#\/schema\/person\/3a5e11047087029c7cd54f0a51e6695a","name":"nosade","image":{"@type":"ImageObject","inLanguage":"de","@id":"https:\/\/nosade.com\/de\/#\/schema\/person\/image\/","url":"https:\/\/secure.gravatar.com\/avatar\/4beed8cfa39a37428b42f05072eedffb15a830a13cdeebc0e9fff810ca432ae2?s=96&d=mm&r=g","contentUrl":"https:\/\/secure.gravatar.com\/avatar\/4beed8cfa39a37428b42f05072eedffb15a830a13cdeebc0e9fff810ca432ae2?s=96&d=mm&r=g","caption":"nosade"},"url":"https:\/\/nosade.com\/de\/author\/nosade\/"}]}},"_links":{"self":[{"href":"https:\/\/nosade.com\/de\/wp-json\/wp\/v2\/posts\/2539","targetHints":{"allow":["GET"]}}],"collection":[{"href":"https:\/\/nosade.com\/de\/wp-json\/wp\/v2\/posts"}],"about":[{"href":"https:\/\/nosade.com\/de\/wp-json\/wp\/v2\/types\/post"}],"author":[{"embeddable":true,"href":"https:\/\/nosade.com\/de\/wp-json\/wp\/v2\/users\/1"}],"replies":[{"embeddable":true,"href":"https:\/\/nosade.com\/de\/wp-json\/wp\/v2\/comments?post=2539"}],"version-history":[{"count":3,"href":"https:\/\/nosade.com\/de\/wp-json\/wp\/v2\/posts\/2539\/revisions"}],"predecessor-version":[{"id":2543,"href":"https:\/\/nosade.com\/de\/wp-json\/wp\/v2\/posts\/2539\/revisions\/2543"}],"wp:featuredmedia":[{"embeddable":true,"href":"https:\/\/nosade.com\/de\/wp-json\/wp\/v2\/media\/2540"}],"wp:attachment":[{"href":"https:\/\/nosade.com\/de\/wp-json\/wp\/v2\/media?parent=2539"}],"wp:term":[{"taxonomy":"category","embeddable":true,"href":"https:\/\/nosade.com\/de\/wp-json\/wp\/v2\/categories?post=2539"},{"taxonomy":"post_tag","embeddable":true,"href":"https:\/\/nosade.com\/de\/wp-json\/wp\/v2\/tags?post=2539"}],"curies":[{"name":"wp","href":"https:\/\/api.w.org\/{rel}","templated":true}]}}