{"id":14903,"date":"2023-02-22T12:59:56","date_gmt":"2023-02-22T11:59:56","guid":{"rendered":"https:\/\/nosade.com\/?p=14903"},"modified":"2023-02-22T13:02:37","modified_gmt":"2023-02-22T12:02:37","slug":"nosade-personalvorstellung-sarah","status":"publish","type":"post","link":"https:\/\/nosade.com\/de\/nosade-personalvorstellung-sarah\/","title":{"rendered":"NOSADE Personalvorstellung Sarah"},"content":{"rendered":"\n<p>Yoga und Marokko? Das passt doch gar nicht zusammen?!&nbsp;<\/p>\n\n\n\n<p>Als ich 2019 mit zwei Freunden das erste Mal nach Marokko reiste, konnte ich mir diese Kombination jedenfalls noch gar nicht vorstellen. Doch sp\u00e4testens als ich das erste Mal in Merzouga in der Sahara-W\u00fcste war, verstand ich die unglaubliche Kraft, die von diesem Land ausgeht. Und dass man dort gerne Yoga praktizieren m\u00f6chte, war mir sofort klar. So waren Yoga und Marokko f\u00fcr mich pl\u00f6tzlich nicht mehr zwei getrennte Sph\u00e4ren, sondern eine wunderbare Symbiose.<\/p>\n\n\n\n<div class=\"wp-block-columns is-layout-flex wp-container-core-columns-is-layout-9d6595d7 wp-block-columns-is-layout-flex\">\n<div class=\"wp-block-column is-layout-flow wp-block-column-is-layout-flow\"><div class=\"wp-block-image\">\n<figure class=\"alignleft size-full is-resized\"><img loading=\"lazy\" decoding=\"async\" src=\"https:\/\/nosade.com\/wp-content\/uploads\/Team-NOSADE-Sarah-Allgayer-3.jpg\" alt=\"\" class=\"wp-image-14894\" width=\"360\" height=\"480\" srcset=\"https:\/\/nosade.com\/wp-content\/uploads\/Team-NOSADE-Sarah-Allgayer-3.jpg 720w, https:\/\/nosade.com\/wp-content\/uploads\/Team-NOSADE-Sarah-Allgayer-3-225x300.jpg 225w, https:\/\/nosade.com\/wp-content\/uploads\/Team-NOSADE-Sarah-Allgayer-3-540x720.jpg 540w\" sizes=\"(max-width: 360px) 100vw, 360px\" \/><\/figure>\n<\/div><\/div>\n\n\n\n<div class=\"wp-block-column is-layout-flow wp-block-column-is-layout-flow\"><div class=\"wp-block-image\">\n<figure class=\"alignright size-full is-resized\"><img loading=\"lazy\" decoding=\"async\" src=\"https:\/\/nosade.com\/wp-content\/uploads\/Team-NOSADE-Sarah-Allgayer.jpg\" alt=\"\" class=\"wp-image-14898\" width=\"360\" height=\"480\" srcset=\"https:\/\/nosade.com\/wp-content\/uploads\/Team-NOSADE-Sarah-Allgayer.jpg 720w, https:\/\/nosade.com\/wp-content\/uploads\/Team-NOSADE-Sarah-Allgayer-225x300.jpg 225w, https:\/\/nosade.com\/wp-content\/uploads\/Team-NOSADE-Sarah-Allgayer-540x720.jpg 540w\" sizes=\"(max-width: 360px) 100vw, 360px\" \/><\/figure>\n<\/div><\/div>\n<\/div>\n\n\n\n<p>So kam es, dass ich sogar meine Bachelorarbeit zu genau diesem Thema schrieb: dem spirituellen Tourismus in Form von Yoga-Reisen nach Marokko (ja, ein ziemlich ungew\u00f6hnliches \u2013 aber sehr spannendes Thema\u2026). Im Zuge dessen bin ich auf NOSADE gesto\u00dfen und war sofort begeistert! Die Philosophie, die Werte und Art zu reisen passten so gut zu meinen Einstellungen, dass ich mich einfach f\u00fcr ein Praktikum bewerben musste. Nach ein paar Corona-bedingten Verschiebungen konnte ich schlie\u00dflich im September 2022 nach Marokko reisen und mein Praktikum beginnen. Seitdem sind nun schon sechs Monate vergangen und ich habe schon so viel erlebt, so viel gelernt, \u00fcber andere Kulturen und mich, habe gemerkt, dass Deutsche und Marokkaner in vielen Bereichen gar nicht so unterschiedlich sind, kann auf Arabisch immerhin schon mal bis 10 z\u00e4hlen (da ist echt noch viel Luft nach oben), habe mich ganz sch\u00f6n in Marrakesch verliebt und Unmengen an Minztee getrunken.&nbsp;<\/p>\n\n\n\n<div class=\"wp-block-columns is-layout-flex wp-container-core-columns-is-layout-9d6595d7 wp-block-columns-is-layout-flex\">\n<div class=\"wp-block-column is-layout-flow wp-block-column-is-layout-flow\" style=\"flex-basis:100%\">\n<div class=\"wp-block-media-text alignwide is-stacked-on-mobile\" style=\"grid-template-columns:20% auto\"><figure class=\"wp-block-media-text__media\"><img loading=\"lazy\" decoding=\"async\" width=\"720\" height=\"960\" src=\"https:\/\/nosade.com\/wp-content\/uploads\/Team-NOSADE-Sarah-Allgayer-1.jpg\" alt=\"\" class=\"wp-image-14892 size-full\" srcset=\"https:\/\/nosade.com\/wp-content\/uploads\/Team-NOSADE-Sarah-Allgayer-1.jpg 720w, https:\/\/nosade.com\/wp-content\/uploads\/Team-NOSADE-Sarah-Allgayer-1-225x300.jpg 225w, https:\/\/nosade.com\/wp-content\/uploads\/Team-NOSADE-Sarah-Allgayer-1-540x720.jpg 540w\" sizes=\"(max-width: 720px) 100vw, 720px\" \/><\/figure><div class=\"wp-block-media-text__content\">\n<p>Die Arbeit mit NOSADE ist so vielseitig: jeder Tag sieht anders aus, jeder Gast und jedes Retreat ist unterschiedlich und alle sind auf ihre Art ganz besonders. Ich mag diese Kombi aus Yoga, Kultur, gutem Essen und famili\u00e4rer Atmosph\u00e4re. Und ich habe das Gef\u00fchl, mich hier auch richtig einbringen zu k\u00f6nnen, ich bekomme viel Verantwortung und Gestaltungsspielraum, da f\u00fchlt sich Arbeit oft \u00fcberhaupt nicht danach an. In der n\u00e4chsten Zeit hoffe ich, noch ein bisschen mehr durch dieses traumhafte Land reisen zu k\u00f6nnen und nat\u00fcrlich noch ganz viele gro\u00dfartige Retreats mit NOSADE gestalten zu k\u00f6nnen.<\/p>\n\n\n\n<p>Mein Marokko-Traum ist auf jeden Fall noch lange nicht vorbei, und so freue ich mich, Anica und das ganze NOSADE-Team auch nach meinem Praktikum noch weiter unterst\u00fctzen zu d\u00fcrfen!&nbsp;<\/p>\n<\/div><\/div>\n<\/div>\n<\/div>\n","protected":false},"excerpt":{"rendered":"<p>Als ich 2019 das erste Mal nach Marokko reiste, konnte ich mir die Kombination aus Yoga und Marokko noch gar nicht vorstellen. Doch sp\u00e4testens als ich das erste Mal in der Sahara-W\u00fcste war, verstand ich die unglaubliche Kraft, die von diesem Land ausgeht.<\/p>\n","protected":false},"author":11,"featured_media":14905,"comment_status":"closed","ping_status":"closed","sticky":false,"template":"","format":"standard","meta":{"_acf_changed":false,"footnotes":""},"categories":[1,55],"tags":[],"class_list":["post-14903","post","type-post","status-publish","format-standard","has-post-thumbnail","hentry","category-all-about-morocco","category-entdecken"],"acf":[],"yoast_head":"<!-- This site is optimized with the Yoast SEO plugin v26.5 - https:\/\/yoast.com\/wordpress\/plugins\/seo\/ -->\n<title>NOSADE Personalvorstellung Sarah - NOSADE<\/title>\n<meta name=\"description\" content=\"Als ich 2019 das erste Mal nach Marokko reiste, konnte ich mir die Kombination aus Yoga und Marokko noch gar nicht vorstellen. Doch sp\u00e4testens als ich das erste Mal in der Sahara-W\u00fcste war, verstand ich die unglaubliche Kraft, die von diesem Land ausgeht.\" \/>\n<meta name=\"robots\" content=\"index, follow, max-snippet:-1, max-image-preview:large, max-video-preview:-1\" \/>\n<link rel=\"canonical\" href=\"https:\/\/nosade.com\/de\/nosade-personalvorstellung-sarah\/\" \/>\n<meta property=\"og:locale\" content=\"de_DE\" \/>\n<meta property=\"og:type\" content=\"article\" \/>\n<meta property=\"og:title\" content=\"NOSADE Personalvorstellung Sarah - NOSADE\" \/>\n<meta property=\"og:description\" content=\"Als ich 2019 das erste Mal nach Marokko reiste, konnte ich mir die Kombination aus Yoga und Marokko noch gar nicht vorstellen. Doch sp\u00e4testens als ich das erste Mal in der Sahara-W\u00fcste war, verstand ich die unglaubliche Kraft, die von diesem Land ausgeht.\" \/>\n<meta property=\"og:url\" content=\"https:\/\/nosade.com\/de\/nosade-personalvorstellung-sarah\/\" \/>\n<meta property=\"og:site_name\" content=\"NOSADE\" \/>\n<meta property=\"article:published_time\" content=\"2023-02-22T11:59:56+00:00\" \/>\n<meta property=\"article:modified_time\" content=\"2023-02-22T12:02:37+00:00\" \/>\n<meta property=\"og:image\" content=\"https:\/\/nosade.com\/wp-content\/uploads\/Team-NOSADE-Sarah-Allgayer-Titel.jpg\" \/>\n\t<meta property=\"og:image:width\" content=\"1800\" \/>\n\t<meta property=\"og:image:height\" content=\"720\" \/>\n\t<meta property=\"og:image:type\" content=\"image\/jpeg\" \/>\n<meta name=\"author\" content=\"Sarah Nosade\" \/>\n<meta name=\"twitter:label1\" content=\"Verfasst von\" \/>\n\t<meta name=\"twitter:data1\" content=\"Sarah Nosade\" \/>\n\t<meta name=\"twitter:label2\" content=\"Gesch\u00e4tzte Lesezeit\" \/>\n\t<meta name=\"twitter:data2\" content=\"3\u00a0Minuten\" \/>\n<script type=\"application\/ld+json\" class=\"yoast-schema-graph\">{\"@context\":\"https:\/\/schema.org\",\"@graph\":[{\"@type\":\"WebPage\",\"@id\":\"https:\/\/nosade.com\/de\/nosade-personalvorstellung-sarah\/\",\"url\":\"https:\/\/nosade.com\/de\/nosade-personalvorstellung-sarah\/\",\"name\":\"NOSADE Personalvorstellung Sarah - NOSADE\",\"isPartOf\":{\"@id\":\"https:\/\/nosade.com\/de\/#website\"},\"primaryImageOfPage\":{\"@id\":\"https:\/\/nosade.com\/de\/nosade-personalvorstellung-sarah\/#primaryimage\"},\"image\":{\"@id\":\"https:\/\/nosade.com\/de\/nosade-personalvorstellung-sarah\/#primaryimage\"},\"thumbnailUrl\":\"https:\/\/nosade.com\/wp-content\/uploads\/Team-NOSADE-Sarah-Allgayer-Titel.jpg\",\"datePublished\":\"2023-02-22T11:59:56+00:00\",\"dateModified\":\"2023-02-22T12:02:37+00:00\",\"author\":{\"@id\":\"https:\/\/nosade.com\/de\/#\/schema\/person\/1670943a9dd6e1cdd060bda042a2d233\"},\"description\":\"Als ich 2019 das erste Mal nach Marokko reiste, konnte ich mir die Kombination aus Yoga und Marokko noch gar nicht vorstellen. Doch sp\u00e4testens als ich das erste Mal in der Sahara-W\u00fcste war, verstand ich die unglaubliche Kraft, die von diesem Land ausgeht.\",\"breadcrumb\":{\"@id\":\"https:\/\/nosade.com\/de\/nosade-personalvorstellung-sarah\/#breadcrumb\"},\"inLanguage\":\"de\",\"potentialAction\":[{\"@type\":\"ReadAction\",\"target\":[\"https:\/\/nosade.com\/de\/nosade-personalvorstellung-sarah\/\"]}]},{\"@type\":\"ImageObject\",\"inLanguage\":\"de\",\"@id\":\"https:\/\/nosade.com\/de\/nosade-personalvorstellung-sarah\/#primaryimage\",\"url\":\"https:\/\/nosade.com\/wp-content\/uploads\/Team-NOSADE-Sarah-Allgayer-Titel.jpg\",\"contentUrl\":\"https:\/\/nosade.com\/wp-content\/uploads\/Team-NOSADE-Sarah-Allgayer-Titel.jpg\",\"width\":1800,\"height\":720},{\"@type\":\"BreadcrumbList\",\"@id\":\"https:\/\/nosade.com\/de\/nosade-personalvorstellung-sarah\/#breadcrumb\",\"itemListElement\":[{\"@type\":\"ListItem\",\"position\":1,\"name\":\"Home\",\"item\":\"https:\/\/nosade.com\/de\/\"},{\"@type\":\"ListItem\",\"position\":2,\"name\":\"Blog\",\"item\":\"https:\/\/nosade.com\/de\/entdecken\/\"},{\"@type\":\"ListItem\",\"position\":3,\"name\":\"NOSADE Personalvorstellung Sarah\"}]},{\"@type\":\"WebSite\",\"@id\":\"https:\/\/nosade.com\/de\/#website\",\"url\":\"https:\/\/nosade.com\/de\/\",\"name\":\"NOSADE\",\"description\":\"Yoga Reisen & Sahara W\u00fcstentouren f\u00fcr Nomadenherzen\",\"potentialAction\":[{\"@type\":\"SearchAction\",\"target\":{\"@type\":\"EntryPoint\",\"urlTemplate\":\"https:\/\/nosade.com\/de\/?s={search_term_string}\"},\"query-input\":{\"@type\":\"PropertyValueSpecification\",\"valueRequired\":true,\"valueName\":\"search_term_string\"}}],\"inLanguage\":\"de\"},{\"@type\":\"Person\",\"@id\":\"https:\/\/nosade.com\/de\/#\/schema\/person\/1670943a9dd6e1cdd060bda042a2d233\",\"name\":\"Sarah Nosade\",\"image\":{\"@type\":\"ImageObject\",\"inLanguage\":\"de\",\"@id\":\"https:\/\/nosade.com\/de\/#\/schema\/person\/image\/\",\"url\":\"https:\/\/secure.gravatar.com\/avatar\/8db45a4b28107b1ef18f3545a48aad4ecaedc5f7e815a5b10b542d3d10130610?s=96&d=mm&r=g\",\"contentUrl\":\"https:\/\/secure.gravatar.com\/avatar\/8db45a4b28107b1ef18f3545a48aad4ecaedc5f7e815a5b10b542d3d10130610?s=96&d=mm&r=g\",\"caption\":\"Sarah Nosade\"},\"url\":\"https:\/\/nosade.com\/de\/author\/sarah\/\"}]}<\/script>\n<!-- \/ Yoast SEO plugin. -->","yoast_head_json":{"title":"NOSADE Personalvorstellung Sarah - NOSADE","description":"Als ich 2019 das erste Mal nach Marokko reiste, konnte ich mir die Kombination aus Yoga und Marokko noch gar nicht vorstellen. Doch sp\u00e4testens als ich das erste Mal in der Sahara-W\u00fcste war, verstand ich die unglaubliche Kraft, die von diesem Land ausgeht.","robots":{"index":"index","follow":"follow","max-snippet":"max-snippet:-1","max-image-preview":"max-image-preview:large","max-video-preview":"max-video-preview:-1"},"canonical":"https:\/\/nosade.com\/de\/nosade-personalvorstellung-sarah\/","og_locale":"de_DE","og_type":"article","og_title":"NOSADE Personalvorstellung Sarah - NOSADE","og_description":"Als ich 2019 das erste Mal nach Marokko reiste, konnte ich mir die Kombination aus Yoga und Marokko noch gar nicht vorstellen. Doch sp\u00e4testens als ich das erste Mal in der Sahara-W\u00fcste war, verstand ich die unglaubliche Kraft, die von diesem Land ausgeht.","og_url":"https:\/\/nosade.com\/de\/nosade-personalvorstellung-sarah\/","og_site_name":"NOSADE","article_published_time":"2023-02-22T11:59:56+00:00","article_modified_time":"2023-02-22T12:02:37+00:00","og_image":[{"width":1800,"height":720,"url":"https:\/\/nosade.com\/wp-content\/uploads\/Team-NOSADE-Sarah-Allgayer-Titel.jpg","type":"image\/jpeg"}],"author":"Sarah Nosade","twitter_misc":{"Verfasst von":"Sarah Nosade","Gesch\u00e4tzte Lesezeit":"3\u00a0Minuten"},"schema":{"@context":"https:\/\/schema.org","@graph":[{"@type":"WebPage","@id":"https:\/\/nosade.com\/de\/nosade-personalvorstellung-sarah\/","url":"https:\/\/nosade.com\/de\/nosade-personalvorstellung-sarah\/","name":"NOSADE Personalvorstellung Sarah - NOSADE","isPartOf":{"@id":"https:\/\/nosade.com\/de\/#website"},"primaryImageOfPage":{"@id":"https:\/\/nosade.com\/de\/nosade-personalvorstellung-sarah\/#primaryimage"},"image":{"@id":"https:\/\/nosade.com\/de\/nosade-personalvorstellung-sarah\/#primaryimage"},"thumbnailUrl":"https:\/\/nosade.com\/wp-content\/uploads\/Team-NOSADE-Sarah-Allgayer-Titel.jpg","datePublished":"2023-02-22T11:59:56+00:00","dateModified":"2023-02-22T12:02:37+00:00","author":{"@id":"https:\/\/nosade.com\/de\/#\/schema\/person\/1670943a9dd6e1cdd060bda042a2d233"},"description":"Als ich 2019 das erste Mal nach Marokko reiste, konnte ich mir die Kombination aus Yoga und Marokko noch gar nicht vorstellen. Doch sp\u00e4testens als ich das erste Mal in der Sahara-W\u00fcste war, verstand ich die unglaubliche Kraft, die von diesem Land ausgeht.","breadcrumb":{"@id":"https:\/\/nosade.com\/de\/nosade-personalvorstellung-sarah\/#breadcrumb"},"inLanguage":"de","potentialAction":[{"@type":"ReadAction","target":["https:\/\/nosade.com\/de\/nosade-personalvorstellung-sarah\/"]}]},{"@type":"ImageObject","inLanguage":"de","@id":"https:\/\/nosade.com\/de\/nosade-personalvorstellung-sarah\/#primaryimage","url":"https:\/\/nosade.com\/wp-content\/uploads\/Team-NOSADE-Sarah-Allgayer-Titel.jpg","contentUrl":"https:\/\/nosade.com\/wp-content\/uploads\/Team-NOSADE-Sarah-Allgayer-Titel.jpg","width":1800,"height":720},{"@type":"BreadcrumbList","@id":"https:\/\/nosade.com\/de\/nosade-personalvorstellung-sarah\/#breadcrumb","itemListElement":[{"@type":"ListItem","position":1,"name":"Home","item":"https:\/\/nosade.com\/de\/"},{"@type":"ListItem","position":2,"name":"Blog","item":"https:\/\/nosade.com\/de\/entdecken\/"},{"@type":"ListItem","position":3,"name":"NOSADE Personalvorstellung Sarah"}]},{"@type":"WebSite","@id":"https:\/\/nosade.com\/de\/#website","url":"https:\/\/nosade.com\/de\/","name":"NOSADE","description":"Yoga Reisen & Sahara W\u00fcstentouren f\u00fcr Nomadenherzen","potentialAction":[{"@type":"SearchAction","target":{"@type":"EntryPoint","urlTemplate":"https:\/\/nosade.com\/de\/?s={search_term_string}"},"query-input":{"@type":"PropertyValueSpecification","valueRequired":true,"valueName":"search_term_string"}}],"inLanguage":"de"},{"@type":"Person","@id":"https:\/\/nosade.com\/de\/#\/schema\/person\/1670943a9dd6e1cdd060bda042a2d233","name":"Sarah Nosade","image":{"@type":"ImageObject","inLanguage":"de","@id":"https:\/\/nosade.com\/de\/#\/schema\/person\/image\/","url":"https:\/\/secure.gravatar.com\/avatar\/8db45a4b28107b1ef18f3545a48aad4ecaedc5f7e815a5b10b542d3d10130610?s=96&d=mm&r=g","contentUrl":"https:\/\/secure.gravatar.com\/avatar\/8db45a4b28107b1ef18f3545a48aad4ecaedc5f7e815a5b10b542d3d10130610?s=96&d=mm&r=g","caption":"Sarah Nosade"},"url":"https:\/\/nosade.com\/de\/author\/sarah\/"}]}},"_links":{"self":[{"href":"https:\/\/nosade.com\/de\/wp-json\/wp\/v2\/posts\/14903","targetHints":{"allow":["GET"]}}],"collection":[{"href":"https:\/\/nosade.com\/de\/wp-json\/wp\/v2\/posts"}],"about":[{"href":"https:\/\/nosade.com\/de\/wp-json\/wp\/v2\/types\/post"}],"author":[{"embeddable":true,"href":"https:\/\/nosade.com\/de\/wp-json\/wp\/v2\/users\/11"}],"replies":[{"embeddable":true,"href":"https:\/\/nosade.com\/de\/wp-json\/wp\/v2\/comments?post=14903"}],"version-history":[{"count":3,"href":"https:\/\/nosade.com\/de\/wp-json\/wp\/v2\/posts\/14903\/revisions"}],"predecessor-version":[{"id":14912,"href":"https:\/\/nosade.com\/de\/wp-json\/wp\/v2\/posts\/14903\/revisions\/14912"}],"wp:featuredmedia":[{"embeddable":true,"href":"https:\/\/nosade.com\/de\/wp-json\/wp\/v2\/media\/14905"}],"wp:attachment":[{"href":"https:\/\/nosade.com\/de\/wp-json\/wp\/v2\/media?parent=14903"}],"wp:term":[{"taxonomy":"category","embeddable":true,"href":"https:\/\/nosade.com\/de\/wp-json\/wp\/v2\/categories?post=14903"},{"taxonomy":"post_tag","embeddable":true,"href":"https:\/\/nosade.com\/de\/wp-json\/wp\/v2\/tags?post=14903"}],"curies":[{"name":"wp","href":"https:\/\/api.w.org\/{rel}","templated":true}]}}